{"id":60354,"date":"2018-10-15T11:31:53","date_gmt":"2018-10-15T14:31:53","guid":{"rendered":"http:\/\/portalcatolico.net\/portal\/?p=60354"},"modified":"2018-10-15T06:32:56","modified_gmt":"2018-10-15T09:32:56","slug":"comecam-esta-semana-as-comemoracoes-dos-40-anos-da-diocese-de-itabuna","status":"publish","type":"post","link":"http:\/\/portalcatolico.net\/portal\/comecam-esta-semana-as-comemoracoes-dos-40-anos-da-diocese-de-itabuna\/","title":{"rendered":"Come\u00e7am esta semana, as comemora\u00e7\u00f5es dos 40 anos da Diocese de Itabuna"},"content":{"rendered":"<p style=\"font-weight: 400;\">A Diocese de Itabuna, situada no sul da Bahia, no pr\u00f3ximo m\u00eas celebra 40 anos de funda\u00e7\u00e3o, marcados pela miss\u00e3o e&nbsp;evangeliza\u00e7\u00e3o. Para este momento festivo, a Diocese est\u00e1 preparando uma programa\u00e7\u00e3o&nbsp;especial para comemorar o Jubileu, a fim de motivar os diocesanos a&nbsp;continuarem com a viv\u00eancia do testemunho de f\u00e9 e miss\u00e3o na Diocese de&nbsp;<br \/>\nItabuna.<\/p>\n<p style=\"font-weight: 400;\">Neste&nbsp; fim de semana, o Bispo Diocesano convidou todas os&nbsp;paroquianos das par\u00f3quias dos&nbsp; 16 munic\u00edpios,&nbsp; para celebrarem nos dia 10 e&nbsp;11 de novembro as comemora\u00e7\u00f5es&nbsp; dos 40 anos da Diocese no Est\u00e1dio Luiz Viana Filho, localizado na&nbsp;Avenida Kennedy, no&nbsp; bairro S\u00e3o Caetano em Itabuna (BA).&nbsp;<\/p>\n<p style=\"font-weight: 400;\">Vale&nbsp;ressaltar que as comemora\u00e7\u00f5es&nbsp; ter\u00e3o in\u00edcio no dia 3 e 4 de novembro, na Par\u00f3quia de S\u00e3o&nbsp;Boaventura na cidade de Canavieiras, no litoral sul baiano, por ser a&nbsp;par\u00f3quia mais antiga da Diocese (300 anos).<\/p>\n<p style=\"font-weight: 400;\">Na pr\u00f3xima quinta-feira&nbsp;19, \u00e0s 12h, haver\u00e1 a abertura oficial das Celebra\u00e7\u00f5es Festivas na Catedral Diocesana de S\u00e3o Jos\u00e9 com a&nbsp;presen\u00e7a de todos os padres.<\/p>\n<p style=\"font-weight: 400;\">Dom Carlos ressaltou que do da 4 at\u00e9 o da 11, as celebra\u00e7\u00f5es acontecer\u00e3o nas pr\u00f3prias par\u00f3quias.<\/p>\n<p style=\"font-weight: 400;\">Em breve, voc\u00ea confere aqui, mais&nbsp; informa\u00e7\u00f5es sobre esta festa t\u00e3o esperada.&nbsp;<br \/>\nAguarde!<\/p>\n","protected":false},"excerpt":{"rendered":"<p>A Diocese de Itabuna, situada no sul da Bahia, no pr\u00f3ximo m\u00eas celebra 40 anos de funda\u00e7\u00e3o, marcados pela miss\u00e3o e&nbsp;evangeliza\u00e7\u00e3o. Para este momento festivo, a Diocese est\u00e1 preparando uma programa\u00e7\u00e3o&nbsp;especial para comemorar o Jubileu, a fim de motivar os diocesanos a&nbsp;continuarem com a viv\u00eancia do testemunho de f\u00e9 e miss\u00e3o na Diocese de&nbsp; Itabuna.&nbsp;<\/p>\n<p><a class=\"btn btn-style\" href=\"http:\/\/portalcatolico.net\/portal\/comecam-esta-semana-as-comemoracoes-dos-40-anos-da-diocese-de-itabuna\/\">Continue Reading<\/a><\/p>\n","protected":false},"author":2,"featured_media":60355,"comment_status":"open","ping_status":"open","sticky":false,"template":"","format":"standard","meta":{"footnotes":""},"categories":[1],"tags":[],"class_list":["post-60354","post","type-post","status-publish","format-standard","has-post-thumbnail","hentry","category-agenda"],"_links":{"self":[{"href":"http:\/\/portalcatolico.net\/portal\/wp-json\/wp\/v2\/posts\/60354","targetHints":{"allow":["GET"]}}],"collection":[{"href":"http:\/\/portalcatolico.net\/portal\/wp-json\/wp\/v2\/posts"}],"about":[{"href":"http:\/\/portalcatolico.net\/portal\/wp-json\/wp\/v2\/types\/post"}],"author":[{"embeddable":true,"href":"http:\/\/portalcatolico.net\/portal\/wp-json\/wp\/v2\/users\/2"}],"replies":[{"embeddable":true,"href":"http:\/\/portalcatolico.net\/portal\/wp-json\/wp\/v2\/comments?post=60354"}],"version-history":[{"count":1,"href":"http:\/\/portalcatolico.net\/portal\/wp-json\/wp\/v2\/posts\/60354\/revisions"}],"predecessor-version":[{"id":60356,"href":"http:\/\/portalcatolico.net\/portal\/wp-json\/wp\/v2\/posts\/60354\/revisions\/60356"}],"wp:featuredmedia":[{"embeddable":true,"href":"http:\/\/portalcatolico.net\/portal\/wp-json\/wp\/v2\/media\/60355"}],"wp:attachment":[{"href":"http:\/\/portalcatolico.net\/portal\/wp-json\/wp\/v2\/media?parent=60354"}],"wp:term":[{"taxonomy":"category","embeddable":true,"href":"http:\/\/portalcatolico.net\/portal\/wp-json\/wp\/v2\/categories?post=60354"},{"taxonomy":"post_tag","embeddable":true,"href":"http:\/\/portalcatolico.net\/portal\/wp-json\/wp\/v2\/tags?post=60354"}],"curies":[{"name":"wp","href":"https:\/\/api.w.org\/{rel}","templated":true}]}}