{"id":60347,"date":"2018-10-15T06:18:34","date_gmt":"2018-10-15T09:18:34","guid":{"rendered":"http:\/\/portalcatolico.net\/portal\/?p=60347"},"modified":"2018-10-15T06:23:47","modified_gmt":"2018-10-15T09:23:47","slug":"vii-congresso-diocesano-da-rcc-acontece-em-itabuna","status":"publish","type":"post","link":"http:\/\/portalcatolico.net\/portal\/vii-congresso-diocesano-da-rcc-acontece-em-itabuna\/","title":{"rendered":"VII Congresso Diocesano da RCC acontece em Itabuna"},"content":{"rendered":"<p style=\"font-weight: 400;\"><img loading=\"lazy\" decoding=\"async\" class=\" wp-image-60350 alignleft\" src=\"http:\/\/portalcatolico.net\/portal\/wp-content\/uploads\/2018\/10\/IMG_0038-300x200.jpg\" alt=\"\" width=\"812\" height=\"541\" srcset=\"http:\/\/portalcatolico.net\/portal\/wp-content\/uploads\/2018\/10\/IMG_0038-300x200.jpg 300w, http:\/\/portalcatolico.net\/portal\/wp-content\/uploads\/2018\/10\/IMG_0038-768x512.jpg 768w, http:\/\/portalcatolico.net\/portal\/wp-content\/uploads\/2018\/10\/IMG_0038.jpg 1000w\" sizes=\"auto, (max-width: 812px) 100vw, 812px\" \/>Neste fim de semana, nos dias 13 e 14 de outubro, &nbsp;aconteceu na Terceira&nbsp;Via Hall, na cidade de Itabuna, no sul da Bahia, o VII Congresso&nbsp;Diocesano da Renova\u00e7\u00e3o Carism\u00e1tica Cat\u00f3lica (RCC). O evento foi marcado&nbsp;por momentos de louvores, prega\u00e7\u00f5es, anima\u00e7\u00f5es, ora\u00e7\u00f5es, Adora\u00e7\u00e3o ao Jesus Eucar\u00edstico, profecias, Reza do ter\u00e7o&nbsp; e Missas.<\/p>\n<p style=\"font-weight: 400;\">O tema refletido foi: &#8220;Eis que estou a porta e bato&#8221; (Ap 3.20).<br \/>\nA cada dois anos, a Renova\u00e7\u00e3o Carism\u00e1tica Cat\u00f3lica da Diocese de Itabuna&nbsp;realiza o Congresso Diocesano que re\u00fane membros do movimento presente em&nbsp;toda a Diocese, sendo assim, o VI Congresso Diocesano aconteceu nos dias&nbsp;26, 27 e 28 de agosto de 2016 no Clube dos Comerci\u00e1rios, na cidade de&nbsp;&nbsp;Ibicara\u00ed.<br \/>\nO evento iniciou neste s\u00e1bado (13), \u00e0s 7h, com o acolhimentos dos&nbsp;congressistas e&nbsp; a santa missa do s\u00e1bado aconteceu \u00e0s 18h e foi&nbsp;presidida pelo Assessor Eclesial&nbsp; da RCC de Diocese de Itabuna, o Pe.&nbsp;Gilvan de Oliveira (p\u00e1roco da Catedral Diocesano de S\u00e3o Jos\u00e9 em&nbsp;Itabuna).<br \/>\nO Congresso foi um momento que reuniu a fam\u00edlia carism\u00e1tica, tanto&nbsp;\u00e0queles que j\u00e1 participam ativamente da vida do movimento em seus Grupos&nbsp;de Ora\u00e7\u00e3o.<br \/>\nS\u00e1bado e domingo, v\u00e1rios pregadores levaram a Palavra de Deus aos&nbsp;congressistas, foram eles: Ivan Moraes, da Arquidiocese de Bras\u00edlia (DF, prega\u00e7\u00e3o:&nbsp;&#8220;Est\u00e1 disposto a abrir a porta para Jesus&#8221;;&nbsp;&nbsp; Coordenador Regional da RCC&nbsp;\u2013 Bahia, Frederico Mastroangelo (Grupo de ora\u00e7\u00e3o a alma da Renova\u00e7\u00e3o)&nbsp;;Presidente da RCC da Diocese de Itabuna, Alessandro Nonato, refletiu Vem&nbsp;voltar ao PRIMEIRO AMOR); Erasmo Brito Ribeiro da Comunidade de Alian\u00e7a&nbsp;<br \/>\nSanta Cecilia-Diocese de Itabuna, Prega\u00e7\u00e3o e tema &#8220;Convers\u00e3o Sincera.&#8221; e&nbsp;no final da sua Prega\u00e7\u00e3o ele deu um testemunho emocionante de como ele&nbsp;chegou ao encontro de Jesus Cristo. &#8220;Eu vivia nos prazeres da bebida, mulheres e farra. Mas, um dia, o Senhor, na sua infinita miseric\u00f3rdia, me chamou para um Grupo de Ora\u00e7\u00e3o., onde eu fui. E naquele dia come\u00e7ou a mudan\u00e7a na minha vida (&#8230;). Era preciso que eu me convertesse que eu mudasse de vida, era preciso que eu tomasse um novo rumo na minha vida e foi isso que Jesus fez. E \u00e9 isso que Ele quer fazer em cada um de n\u00f3s&#8221;, disse Erasmo.<\/p>\n<p style=\"font-weight: 400;\">O VII Congresso Diocesano da RCC foi encerrado com a Santa&nbsp;Missa, \u00e0s 12h e foi&nbsp; presidida pelo Bispo Diocesano Dom Carlos Alberto&nbsp;dos Santos e concelebrada pelo&nbsp; Pe. Gilvan Oliveira e os di\u00e1conos&nbsp;&nbsp;permanentes da Diocese de Itabuna, Trajano Osvaldo e Jos\u00e9 Ara\u00fajo.<\/p>\n<p style=\"font-weight: 400;\">Na homilia, Dom Carlos disse: &#8220;Estamos no m\u00eas de outubro, m\u00eas mission\u00e1rio. E desde o nosso batismo n\u00f3s recebemos a miss\u00e3o de sermos evangelizadores. E uma miss\u00e3o espec\u00edfica \u00e9 escolhida quando, por esse esp\u00edrito de amor, se move para o sim de querer ser Igreja viva&#8221;.<\/p>\n<p><img loading=\"lazy\" decoding=\"async\" class=\"wp-image-60352 aligncenter\" src=\"http:\/\/portalcatolico.net\/portal\/wp-content\/uploads\/2018\/10\/IMG_0053-300x200.jpg\" alt=\"\" width=\"815\" height=\"543\" srcset=\"http:\/\/portalcatolico.net\/portal\/wp-content\/uploads\/2018\/10\/IMG_0053-300x200.jpg 300w, http:\/\/portalcatolico.net\/portal\/wp-content\/uploads\/2018\/10\/IMG_0053-768x512.jpg 768w, http:\/\/portalcatolico.net\/portal\/wp-content\/uploads\/2018\/10\/IMG_0053.jpg 1000w\" sizes=\"auto, (max-width: 815px) 100vw, 815px\" \/><\/p>\n<p style=\"font-weight: 400;\">O presidente da RCC da Diocese de Itabuna, Alexsandro Nonato, fez a&nbsp;entrega das Capelinhas&nbsp; do s\u00edmbolo jubilar&nbsp; dos 50 anos RCC&nbsp; no Brasil. Al\u00e9m do bispo Dom Carlos o assessor Eclesial Pe. Gilvan,&nbsp; os pregadores e&nbsp;todos os grupos de Ora\u00e7\u00e3o da Diocese receberam e fizeram um momento de&nbsp;Ora\u00e7\u00e3o com os seus respectivos membros.<\/p>\n<p>Galeria de fotos.<strong><a href=\"http:\/\/portalcatolico.net\/portal\/vii-congresso-diocesano-da-rcc\/?fbclid=IwAR09wpyArxoIvyJ7bxS6I1aa3HTv8bD16dUNIRdx--9toBtJplL5AF3mqHw\">CLIQUE AQUI<\/a>&nbsp;<\/strong><\/p>\n","protected":false},"excerpt":{"rendered":"<p>Neste fim de semana, nos dias 13 e 14 de outubro, &nbsp;aconteceu na Terceira&nbsp;Via Hall, na cidade de Itabuna, no sul da Bahia, o VII Congresso&nbsp;Diocesano da Renova\u00e7\u00e3o Carism\u00e1tica Cat\u00f3lica (RCC). O evento foi marcado&nbsp;por momentos de louvores, prega\u00e7\u00f5es, anima\u00e7\u00f5es, ora\u00e7\u00f5es, Adora\u00e7\u00e3o ao Jesus Eucar\u00edstico, profecias, Reza do ter\u00e7o&nbsp; e Missas. O tema refletido foi:&nbsp;<\/p>\n<p><a class=\"btn btn-style\" href=\"http:\/\/portalcatolico.net\/portal\/vii-congresso-diocesano-da-rcc-acontece-em-itabuna\/\">Continue Reading<\/a><\/p>\n","protected":false},"author":2,"featured_media":60348,"comment_status":"open","ping_status":"open","sticky":false,"template":"","format":"standard","meta":{"footnotes":""},"categories":[68,70],"tags":[],"class_list":["post-60347","post","type-post","status-publish","format-standard","has-post-thumbnail","hentry","category-homilias","category-testemunhos"],"_links":{"self":[{"href":"http:\/\/portalcatolico.net\/portal\/wp-json\/wp\/v2\/posts\/60347","targetHints":{"allow":["GET"]}}],"collection":[{"href":"http:\/\/portalcatolico.net\/portal\/wp-json\/wp\/v2\/posts"}],"about":[{"href":"http:\/\/portalcatolico.net\/portal\/wp-json\/wp\/v2\/types\/post"}],"author":[{"embeddable":true,"href":"http:\/\/portalcatolico.net\/portal\/wp-json\/wp\/v2\/users\/2"}],"replies":[{"embeddable":true,"href":"http:\/\/portalcatolico.net\/portal\/wp-json\/wp\/v2\/comments?post=60347"}],"version-history":[{"count":3,"href":"http:\/\/portalcatolico.net\/portal\/wp-json\/wp\/v2\/posts\/60347\/revisions"}],"predecessor-version":[{"id":60353,"href":"http:\/\/portalcatolico.net\/portal\/wp-json\/wp\/v2\/posts\/60347\/revisions\/60353"}],"wp:featuredmedia":[{"embeddable":true,"href":"http:\/\/portalcatolico.net\/portal\/wp-json\/wp\/v2\/media\/60348"}],"wp:attachment":[{"href":"http:\/\/portalcatolico.net\/portal\/wp-json\/wp\/v2\/media?parent=60347"}],"wp:term":[{"taxonomy":"category","embeddable":true,"href":"http:\/\/portalcatolico.net\/portal\/wp-json\/wp\/v2\/categories?post=60347"},{"taxonomy":"post_tag","embeddable":true,"href":"http:\/\/portalcatolico.net\/portal\/wp-json\/wp\/v2\/tags?post=60347"}],"curies":[{"name":"wp","href":"https:\/\/api.w.org\/{rel}","templated":true}]}}