{"id":60344,"date":"2018-10-14T18:04:14","date_gmt":"2018-10-14T21:04:14","guid":{"rendered":"http:\/\/portalcatolico.net\/portal\/?p=60344"},"modified":"2018-10-15T12:06:51","modified_gmt":"2018-10-15T15:06:51","slug":"em-itabuna-casal-catolico-celebra-18-anos-de-casamento","status":"publish","type":"post","link":"http:\/\/portalcatolico.net\/portal\/em-itabuna-casal-catolico-celebra-18-anos-de-casamento\/","title":{"rendered":"Em Itabuna, casal cat\u00f3lico celebra 18 anos de casamento"},"content":{"rendered":"<p style=\"font-weight: 400;\">Hoje, 14 de outubro, um casal que \u00e9 membro da RCC de Itabuna comemorou os 18&nbsp;anos de uni\u00e3o do matrim\u00f4nio, conhecidos como bodas de Turquesa.&nbsp; A hist\u00f3ria que come\u00e7ou no inesquec\u00edvel dia do&nbsp;&#8220;sim&#8221; j\u00e1 rendeu muitos cap\u00edtulos, lembran\u00e7as e mem\u00f3rias, pois o casal&nbsp;tem duas filhas e as mesmas s\u00e3o ativas nos grupos da Par\u00f3quia.<\/p>\n<p style=\"font-weight: 400;\">O casal&nbsp;foi parabenizado no VII Congresso Diocesano da RCC em Itabuna.<\/p>\n<p style=\"font-weight: 400;\">Andr\u00e9 Alves e Sirlene s\u00e3o&nbsp;membros do (GO) Grupo de Ora\u00e7\u00e3o de RCC&nbsp; da Par\u00f3quia Santa Rita de C\u00e1ssia&nbsp;de Itabuna.<\/p>\n<p style=\"font-weight: 400;\">A equipe do Portal Cat\u00f3lico de Not\u00edcias deixa uma mensagem especial para esse casal que tamb\u00e9m \u00e9 especial: &#8220;O amor nunca envelhece, ele se transforma em algo&nbsp;poderoso, mais forte e maior. E voc\u00eas dois s\u00e3o a prova que \u00e9 poss\u00edvel&nbsp;prolongar o amor&nbsp;&nbsp;ao longo da vida. Parab\u00e9ns por completarem&nbsp;dezoito anos&nbsp; &nbsp;de casamento!&#8221;<\/p>\n","protected":false},"excerpt":{"rendered":"<p>Hoje, 14 de outubro, um casal que \u00e9 membro da RCC de Itabuna comemorou os 18&nbsp;anos de uni\u00e3o do matrim\u00f4nio, conhecidos como bodas de Turquesa.&nbsp; A hist\u00f3ria que come\u00e7ou no inesquec\u00edvel dia do&nbsp;&#8220;sim&#8221; j\u00e1 rendeu muitos cap\u00edtulos, lembran\u00e7as e mem\u00f3rias, pois o casal&nbsp;tem duas filhas e as mesmas s\u00e3o ativas nos grupos da Par\u00f3quia. O&nbsp;<\/p>\n<p><a class=\"btn btn-style\" href=\"http:\/\/portalcatolico.net\/portal\/em-itabuna-casal-catolico-celebra-18-anos-de-casamento\/\">Continue Reading<\/a><\/p>\n","protected":false},"author":2,"featured_media":60346,"comment_status":"open","ping_status":"open","sticky":false,"template":"","format":"standard","meta":{"footnotes":""},"categories":[1],"tags":[],"class_list":["post-60344","post","type-post","status-publish","format-standard","has-post-thumbnail","hentry","category-agenda"],"_links":{"self":[{"href":"http:\/\/portalcatolico.net\/portal\/wp-json\/wp\/v2\/posts\/60344","targetHints":{"allow":["GET"]}}],"collection":[{"href":"http:\/\/portalcatolico.net\/portal\/wp-json\/wp\/v2\/posts"}],"about":[{"href":"http:\/\/portalcatolico.net\/portal\/wp-json\/wp\/v2\/types\/post"}],"author":[{"embeddable":true,"href":"http:\/\/portalcatolico.net\/portal\/wp-json\/wp\/v2\/users\/2"}],"replies":[{"embeddable":true,"href":"http:\/\/portalcatolico.net\/portal\/wp-json\/wp\/v2\/comments?post=60344"}],"version-history":[{"count":3,"href":"http:\/\/portalcatolico.net\/portal\/wp-json\/wp\/v2\/posts\/60344\/revisions"}],"predecessor-version":[{"id":60358,"href":"http:\/\/portalcatolico.net\/portal\/wp-json\/wp\/v2\/posts\/60344\/revisions\/60358"}],"wp:featuredmedia":[{"embeddable":true,"href":"http:\/\/portalcatolico.net\/portal\/wp-json\/wp\/v2\/media\/60346"}],"wp:attachment":[{"href":"http:\/\/portalcatolico.net\/portal\/wp-json\/wp\/v2\/media?parent=60344"}],"wp:term":[{"taxonomy":"category","embeddable":true,"href":"http:\/\/portalcatolico.net\/portal\/wp-json\/wp\/v2\/categories?post=60344"},{"taxonomy":"post_tag","embeddable":true,"href":"http:\/\/portalcatolico.net\/portal\/wp-json\/wp\/v2\/tags?post=60344"}],"curies":[{"name":"wp","href":"https:\/\/api.w.org\/{rel}","templated":true}]}}