{"id":60083,"date":"2018-10-14T18:24:13","date_gmt":"2018-10-14T21:24:13","guid":{"rendered":"http:\/\/portalcatolico.net\/portal\/?p=60083"},"modified":"2018-10-14T18:24:56","modified_gmt":"2018-10-14T21:24:56","slug":"papa-francisco-destaca-o-fato-de-dom-oscar-romero-e-paulo-vi-serem-canonizados-juntos","status":"publish","type":"post","link":"http:\/\/portalcatolico.net\/portal\/papa-francisco-destaca-o-fato-de-dom-oscar-romero-e-paulo-vi-serem-canonizados-juntos\/","title":{"rendered":"Papa Francisco destaca o fato de Dom \u00d3scar Romero e Paulo VI serem canonizados juntos"},"content":{"rendered":"<p>O Papa Francisco mostrou sua satisfa\u00e7\u00e3o pela canoniza\u00e7\u00e3o conjunta de S\u00e3o Paulo VI e Dom \u00d3scar Romero, Arcebispo de San Salvador assassinado enquanto celebrava a&nbsp;Missa.<\/p>\n<p>Durante a homilia da Missa de canoniza\u00e7\u00e3o, o Santo Padre disse que \u201c\u00e9 muito bonito que, junto a ele, Paulo VI, e a outros santos e santas de hoje, encontre-se Dom Romero, quem deixou a seguran\u00e7a do mundo, inclusive sua pr\u00f3pria incolumidade, para entregar sua&nbsp;vida&nbsp;segundo o Evangelho, junto aos pobres e o seu povo, com o cora\u00e7\u00e3o magnetizado por Jesus e seus irm\u00e3os\u201d.<\/p>\n<p>\u201cO mesmo pode dizer-se de Francisco Spinelli, de Vicente Romano, de Maria Catarina Kasper, Nazaria Ignacia de Santa Teresa de Jesus e de Nunzio Sulprizio\u201d, os outros Santos que foram canonizados este domingo 14 de outubro na Pra\u00e7a de S\u00e3o Pedro do Vaticano.<\/p>\n<p>\u201cTodos estes santos, em diferentes contextos, traduziram com a vida a Palavra de hoje, sem tibieza, sem c\u00e1lculos, com o ardor de arriscar e de deixar. Que o Senhor nos ajude a imitar seu exemplo\u201d, concluiu.<\/p>\n<p>Dom \u00d3scar Romero nasceu em Ciudad Barrios, El Salvador, em 15 de agosto de 1917. Foi nomeado Arcebispo de San Salvador em 8 de fevereiro de 1977 por Paulo VI. Desde esse momento iniciou sua defesa dos direitos humanos em meio de uma nascente guerra civil entre a guerrilha de esquerda e o governo de extrema direita.<\/p>\n<p>Denunciar os crimes contra a humanidade cometidos durante a ditadura que regia seu pa\u00eds, valeu-lhe numerosos inimigos. Em 24 de mar\u00e7o de 1980 foi assassinado por um franco-atirador em frente ao altar onde celebrava Missa.(ACI)<\/p>\n<p>Fachada da Bas\u00edlica de S\u00e3o Pedro. Cr\u00e9dito: Daniel Ib\u00e1\u00f1ez &#8211; ACI Prensa<\/p>\n","protected":false},"excerpt":{"rendered":"<p>O Papa Francisco mostrou sua satisfa\u00e7\u00e3o pela canoniza\u00e7\u00e3o conjunta de S\u00e3o Paulo VI e Dom \u00d3scar Romero, Arcebispo de San Salvador assassinado enquanto celebrava a&nbsp;Missa. Durante a homilia da Missa de canoniza\u00e7\u00e3o, o Santo Padre disse que \u201c\u00e9 muito bonito que, junto a ele, Paulo VI, e a outros santos e santas de hoje, encontre-se&nbsp;<\/p>\n<p><a class=\"btn btn-style\" href=\"http:\/\/portalcatolico.net\/portal\/papa-francisco-destaca-o-fato-de-dom-oscar-romero-e-paulo-vi-serem-canonizados-juntos\/\">Continue Reading<\/a><\/p>\n","protected":false},"author":2,"featured_media":60084,"comment_status":"open","ping_status":"open","sticky":false,"template":"","format":"standard","meta":{"footnotes":""},"categories":[5],"tags":[],"class_list":["post-60083","post","type-post","status-publish","format-standard","has-post-thumbnail","hentry","category-igreja_no_mundo"],"_links":{"self":[{"href":"http:\/\/portalcatolico.net\/portal\/wp-json\/wp\/v2\/posts\/60083","targetHints":{"allow":["GET"]}}],"collection":[{"href":"http:\/\/portalcatolico.net\/portal\/wp-json\/wp\/v2\/posts"}],"about":[{"href":"http:\/\/portalcatolico.net\/portal\/wp-json\/wp\/v2\/types\/post"}],"author":[{"embeddable":true,"href":"http:\/\/portalcatolico.net\/portal\/wp-json\/wp\/v2\/users\/2"}],"replies":[{"embeddable":true,"href":"http:\/\/portalcatolico.net\/portal\/wp-json\/wp\/v2\/comments?post=60083"}],"version-history":[{"count":1,"href":"http:\/\/portalcatolico.net\/portal\/wp-json\/wp\/v2\/posts\/60083\/revisions"}],"predecessor-version":[{"id":60085,"href":"http:\/\/portalcatolico.net\/portal\/wp-json\/wp\/v2\/posts\/60083\/revisions\/60085"}],"wp:featuredmedia":[{"embeddable":true,"href":"http:\/\/portalcatolico.net\/portal\/wp-json\/wp\/v2\/media\/60084"}],"wp:attachment":[{"href":"http:\/\/portalcatolico.net\/portal\/wp-json\/wp\/v2\/media?parent=60083"}],"wp:term":[{"taxonomy":"category","embeddable":true,"href":"http:\/\/portalcatolico.net\/portal\/wp-json\/wp\/v2\/categories?post=60083"},{"taxonomy":"post_tag","embeddable":true,"href":"http:\/\/portalcatolico.net\/portal\/wp-json\/wp\/v2\/tags?post=60083"}],"curies":[{"name":"wp","href":"https:\/\/api.w.org\/{rel}","templated":true}]}}