{"id":60080,"date":"2018-10-14T07:48:29","date_gmt":"2018-10-14T10:48:29","guid":{"rendered":"http:\/\/portalcatolico.net\/portal\/?p=60080"},"modified":"2018-10-14T07:50:15","modified_gmt":"2018-10-14T10:50:15","slug":"jesus-e-radical-da-tudo-e-pede-tudo-disse-o-papa-na-missa-com-canonizacoes","status":"publish","type":"post","link":"http:\/\/portalcatolico.net\/portal\/jesus-e-radical-da-tudo-e-pede-tudo-disse-o-papa-na-missa-com-canonizacoes\/","title":{"rendered":"Jesus \u00e9 radical, d\u00e1 tudo e pede tudo, disse o Papa na Missa com canoniza\u00e7\u00f5es"},"content":{"rendered":"<div class=\"article__subTitle\">O Papa Paulo VI, Dom Oscar Romero, Francisco Spinelli, Vicente Romano, Maria Catarina Kasper, Naz\u00e1ria In\u00e1cia e N\u00fancio Sulprizio foram canonizados pelo Papa Francisco na manh\u00e3 deste domingo, 14 de outubro, em cerim\u00f4nia realizada na Pra\u00e7a S\u00e3o Pedro, na presen\u00e7a de 70 mil fi\u00e9is.<\/div>\n<div>\n<p>\u201cJesus \u00e9 radical. D\u00e1 tudo e pede tudo (\u2026). N\u00e3o Se contenta com uma \u00abpercentagem de amor\u00bb: n\u00e3o podemos am\u00e1-Lo a vinte, cinquenta ou sessenta por cento. Ou tudo ou nada\u201d.<\/p>\n<p>Dirigindo-se aos mais de 70 mil fi\u00e9is presentes na Pra\u00e7a S\u00e3o Pedro na Missa em que foram proclamados sete novos Santos, o Papa Francisco recordou que somos chamados a viver a \u201cvoca\u00e7\u00e3o comum \u00e0 santidade, n\u00e3o \u00e0s meias medidas, mas \u00e0 santidade\u201d.<\/p>\n<p>E os novos santos, \u201cem diferentes contextos, traduziram na vida a Palavra de hoje: sem tibieza, nem c\u00e1lculos, com o ardor de arriscar e deixar tudo. Que o Senhor nos ajude a imitar os seus exemplos\u201d, foi o convite do Santo Padre.<\/p>\n<p><strong>A canoniza\u00e7\u00e3o<\/strong><\/p>\n<p>Ap\u00f3s o canto do&nbsp;<i>Veni Creator<\/i>, no in\u00edcio da celebra\u00e7\u00e3o, o cardeal Angelo Becciu, prefeito da Congrega\u00e7\u00e3o para as Causas dos Santos, acompanhado pelos postuladores, dirigiu-se ao Santo Padre pedindo que se procedesse \u00e0 canoniza\u00e7\u00e3o dos sete Beatos, lendo ent\u00e3o a biografia de cada um deles. Foi ent\u00e3o cantada a Ladainha de todos os Santos e ao final o Papa Francisco leu a f\u00f3rmula da canoniza\u00e7\u00e3o, inserindo-os assim no \u00e1lbum dos Santos, para ent\u00e3o serem venerados por toda a Igreja. Seguiu-se o canto do Jubilate.<\/p>\n<p>As rel\u00edquias de cada Santo apresentadas na cerim\u00f4nia foram: de Paulo VI, a camiseta com manchas de sangue das feridas provocadas pelo atentado ocorrido em Manilla, nas Filipinas; de Dom \u00d3scar Arnulfo Romero, parte&nbsp; de um osso; de Francisco Spinelli, osso do p\u00e9; de Vicente Romano, uma v\u00e9rtebra; de N\u00fancio Sulprizio, o fragmento do osso do dedo da m\u00e3o; de Maria Catarina Kasper, osso da espinha dorsal e de&nbsp;Naz\u00e1ria In\u00e1cia de Santa Teresa de Jesus, mecha de cabelos.<\/p>\n<p><strong>Da observ\u00e2ncia da lei ao dom de si mesmo<\/strong><\/p>\n<p>\u201cO que devo fazer para ter em heran\u00e7a a vida eterna?\u201d. A pergunta deste desconhecido \u2013 que pode ser cada um de n\u00f3s \u2013 narrada no Evangelho de Marcos, ofereceu ao Pont\u00edfice a inspira\u00e7\u00e3o para falar em sua&nbsp;homilia&nbsp;sobre a radicalidade exigida no seguimento sincero de Jesus.<\/p>\n<p>Jesus fixou o olhar no homem e amou-o, mudando-lhe a perspectiva, &nbsp;\u201cpede-lhe para passar da observ\u00e2ncia das leis ao dom de si mesmo, do<i>&nbsp;<\/i>trabalhar para si ao estar com Ele. E faz-lhe uma proposta \u00abcortante\u00bb de vida: \u00abVende tudo o que tens, d\u00e1 o dinheiro aos pobres (\u2026), vem e segue-Me\u00bb\u201d.<\/p>\n<p>A mesma proposta Jesus faz a cada um de n\u00f3s. E para ser dele \u2013 observa o Papa \u2013 \u201cn\u00e3o basta n\u00e3o fazer nada de mal\u201d, ou segui-lo apenas quando nos apetece, ou ainda &#8220;ficar contentes com observar preceitos, dar esmolas e recitar algumas ora\u00e7\u00f5es\u201d, mas devemos encontrar n\u2019Ele o Deus que sempre nos ama, o sentido da nossa vida, a for\u00e7a para nos entregarmos.<\/p>\n<p><strong>Abandonar o que deixa pesado o cora\u00e7\u00e3o<\/strong><\/p>\n<p>Ao dizer para vender tudo o que tem e dar o dinheiro aos pobres, Jesus pede a cada um de n\u00f3s \u201cpara&nbsp;<i>deixar aquilo que torna pesado o cora\u00e7\u00e3o<\/i>, esvaziar-se de bens para dar lugar a Ele, \u00fanico bem\u201d:<\/p>\n<p><i>\u201cN\u00e3o se pode seguir verdadeiramente a Jesus, quando se est\u00e1 estivado de coisas. Pois, se o cora\u00e7\u00e3o estiver repleto de bens, n\u00e3o haver\u00e1 espa\u00e7o para o Senhor, que Se tornar\u00e1 uma coisa mais entre as outras. Por isso, a riqueza \u00e9 perigosa e \u2013 di-lo Jesus \u2013 torna dif\u00edcil at\u00e9 mesmo salvar-se. N\u00e3o, porque Deus seja severo; n\u00e3o! O problema est\u00e1 do nosso lado: o muito que temos e o muito que ambicionamos sufocam-nos o cora\u00e7\u00e3o e tornam-nos incapazes de amar (\u2026). Quando se coloca no centro o dinheiro, vemos que n\u00e3o h\u00e1 lugar para Deus; e n\u00e3o h\u00e1 lugar sequer para o homem\u201d.<\/i><\/p>\n<p><strong>Ou tudo ou nada<\/strong><\/p>\n<p>\u201cJesus \u00e9 radical \u2013 reitera o Papa &#8211; &nbsp;d\u00e1 tudo e pede tudo: d\u00e1 um amor total e pede um cora\u00e7\u00e3o indiviso\u201d. E pergunta:<\/p>\n<p><i>\u201cTamb\u00e9m hoje Se nos d\u00e1 como P\u00e3o vivo; poderemos n\u00f3s, em troca, dar-Lhe as migalhas? A Ele, que Se fez nosso servo at\u00e9 ao ponto de Se deixar crucificar por n\u00f3s, n\u00e3o Lhe podemos responder apenas com a observ\u00e2ncia de alguns preceitos. A Ele, que nos oferece a vida eterna, n\u00e3o podemos dar qualquer bocado de tempo. Jesus n\u00e3o Se contenta com uma \u00abpercentagem de amor\u00bb: n\u00e3o podemos am\u00e1-Lo a vinte, cinquenta ou sessenta por cento. Ou tudo ou nada\u201d.<\/i><\/p>\n<div>\n<div class=\"article__embed article__embed--border embed_style\">\n<blockquote><p>\u201c O nosso cora\u00e7\u00e3o \u00e9 como um \u00edman: deixa-se atrair pelo amor, mas s\u00f3 se pode apegar a um lado e tem de escolher: amar a Deus ou as riquezas do mundo; viver para amar ou viver para si mesmo \u201d<\/p><\/blockquote>\n<\/div>\n<\/div>\n<p>\u201cO nosso cora\u00e7\u00e3o \u00e9 como um \u00edman: deixa-se atrair pelo amor, mas s\u00f3 se pode apegar a um lado e tem de escolher: amar a Deus ou as riquezas do mundo; viver para amar ou viver para si mesmo\u201d:<\/p>\n<p>\u201c<i>Perguntemo-nos de que lado estamos n\u00f3s&#8230; Perguntemo-nos a que ponto nos encontramos na nossa hist\u00f3ria de amor com Deus&#8230; Contentamo-nos com alguns preceitos ou seguimos Jesus como enamorados, prontos verdadeiramente a deixar tudo por Ele? Jesus pergunta a cada um e a todos n\u00f3s como Igreja em caminho: somos uma Igreja que se limita a pregar bons preceitos ou uma Igreja-esposa, que pelo seu Senhor se lan\u00e7a no amor? Seguimo-Lo verdadeiramente ou voltamos aos passos do mundo, como aquele homem? Em suma<\/i>, basta-nos Jesus ou procuramos as seguran\u00e7as do mundo?\u201d<\/p>\n<p>Pe\u00e7amos a gra\u00e7a \u2013 foi a exorta\u00e7\u00e3o de Francisco &#8211; de saber&nbsp;<i>deixar<\/i>&nbsp;por amor do Senhor &#8220;as riquezas, os sonhos de fun\u00e7\u00f5es e poderes, as estruturas j\u00e1 inadequadas para o an\u00fancio do Evangelho, os pesos que travam a miss\u00e3o, os la\u00e7os que nos ligam ao mundo\u201d.<\/p>\n<p><strong>Autocomplac\u00eancia egoc\u00eantrica<\/strong><\/p>\n<p>\u201cSem um salto em frente no amor &#8211; disse o Papa &#8211;&nbsp; a nossa vida e a nossa Igreja adoecem de \u00abautocomplac\u00eancia egoc\u00eantrica\u00bb\u201d, procurando a alegria em qualquer prazer passageiro. \u201cFechamo-nos numa tagarelice est\u00e9ril, acomodamo-nos na monotonia duma vida crist\u00e3 sem ardor, onde um pouco de narcisismo cobre a tristeza de permanecermos inacabados\u201d.<\/p>\n<div>\n<div class=\"article__embed article__embed--border embed_style\">\n<blockquote><p>\u201c Sem um salto em frente no amor, a nossa vida e a nossa Igreja adoecem de \u00abautocomplac\u00eancia egoc\u00eantrica\u00bb \u201d<\/p><\/blockquote>\n<\/div>\n<\/div>\n<p>Foi o que aconteceu com aquele homem que \u201cretirou-se pesaroso\u201d \u2013 disse o Papa. \u201cEmbora tivesse encontrado Jesus e recebido o seu olhar amoroso, foi-se embora triste. A tristeza \u00e9 a prova do amor inacabado. \u00c9 o sinal dum cora\u00e7\u00e3o t\u00edbio. Pelo contr\u00e1rio, um cora\u00e7\u00e3o aliviado dos bens, que ama livremente o Senhor, espalha sempre&nbsp;<i>a alegria<\/i>, aquela alegria de que hoje temos tanta necessidade\u201d.<\/p>\n<p><strong>Voltar \u00e0s fontes da alegria<\/strong><\/p>\n<p>\u201cHoje &#8211; prosseguiu o Santo Padre &#8211; Jesus convida-nos a voltar \u00e0s fontes da alegria, que s\u00e3o o encontro com Ele, a op\u00e7\u00e3o corajosa de arriscar para O seguir, o gosto de deixar tudo para abra\u00e7ar o seu caminho. Os Santos percorreram este caminho\u201d:<\/p>\n<p>\u201c<i>Paulo VI fez isso, seguindo o exemplo do Ap\u00f3stolo cujo nome assumira. Como ele, consumiu a vida pelo Evangelho de Cristo, cruzando novas fronteiras e fazendo-se testemunha d\u2019Ele no an\u00fancio e no di\u00e1logo, profeta duma Igreja extroversa que olha para os distantes e cuida dos pobres. Mesmo nas fadigas e no meio das incompreens\u00f5es, Paulo VI testemunhou de forma apaixonada a beleza e a alegria de seguir totalmente Jesus. Hoje continua a exortar-nos, juntamente com o Conc\u00edlio de que foi s\u00e1bio timoneiro, a que vivamos a nossa voca\u00e7\u00e3o comum: a voca\u00e7\u00e3o universal \u00e0 santidade; n\u00e3o \u00e0s meias medidas, mas \u00e0 santidade<\/i>\u201d.<\/p>\n<p>O Papa recorda que \u00e9 significativo que ao lado dos outros Santos proclamados neste dia, est\u00e1 Dom \u00d3scar Romero, \u201cque deixou as seguran\u00e7as do mundo, incluindo a pr\u00f3pria incolumidade, para consumir a vida \u2013 como pede o Evangelho \u2013 junto dos pobres e do seu povo, com o cora\u00e7\u00e3o fascinado por Jesus e pelos irm\u00e3os\u201d.<\/p>\n<p>O mesmo aconteceu com os outros santos &#8211; observou o Pont\u00edfice, citando um a um &#8211; &#8220;que em diferentes contextos, traduziram na vida a Palavra de hoje: sem tibieza, nem c\u00e1lculos, com o ardor de arriscar e deixar tudo. Que o Senhor nos ajude a imitar os seus exemplos!\u201d<\/p>\n<\/div>\n<div>Por Jackson Erpen-Cidade do Vaticano<\/div>\n<div>&nbsp;<\/div>\n<div>Fonte: Vatican News<\/div>\n<div class=\"title__separator\">&nbsp;<\/div>\n<div class=\"article__text\">\n<p>&nbsp;<\/p>\n<\/div>\n","protected":false},"excerpt":{"rendered":"<p>O Papa Paulo VI, Dom Oscar Romero, Francisco Spinelli, Vicente Romano, Maria Catarina Kasper, Naz\u00e1ria In\u00e1cia e N\u00fancio Sulprizio foram canonizados pelo Papa Francisco na manh\u00e3 deste domingo, 14 de outubro, em cerim\u00f4nia realizada na Pra\u00e7a S\u00e3o Pedro, na presen\u00e7a de 70 mil fi\u00e9is. \u201cJesus \u00e9 radical. D\u00e1 tudo e pede tudo (\u2026). N\u00e3o Se&nbsp;<\/p>\n<p><a class=\"btn btn-style\" href=\"http:\/\/portalcatolico.net\/portal\/jesus-e-radical-da-tudo-e-pede-tudo-disse-o-papa-na-missa-com-canonizacoes\/\">Continue Reading<\/a><\/p>\n","protected":false},"author":2,"featured_media":60081,"comment_status":"open","ping_status":"open","sticky":false,"template":"","format":"standard","meta":{"footnotes":""},"categories":[5],"tags":[],"class_list":["post-60080","post","type-post","status-publish","format-standard","has-post-thumbnail","hentry","category-igreja_no_mundo"],"_links":{"self":[{"href":"http:\/\/portalcatolico.net\/portal\/wp-json\/wp\/v2\/posts\/60080","targetHints":{"allow":["GET"]}}],"collection":[{"href":"http:\/\/portalcatolico.net\/portal\/wp-json\/wp\/v2\/posts"}],"about":[{"href":"http:\/\/portalcatolico.net\/portal\/wp-json\/wp\/v2\/types\/post"}],"author":[{"embeddable":true,"href":"http:\/\/portalcatolico.net\/portal\/wp-json\/wp\/v2\/users\/2"}],"replies":[{"embeddable":true,"href":"http:\/\/portalcatolico.net\/portal\/wp-json\/wp\/v2\/comments?post=60080"}],"version-history":[{"count":1,"href":"http:\/\/portalcatolico.net\/portal\/wp-json\/wp\/v2\/posts\/60080\/revisions"}],"predecessor-version":[{"id":60082,"href":"http:\/\/portalcatolico.net\/portal\/wp-json\/wp\/v2\/posts\/60080\/revisions\/60082"}],"wp:featuredmedia":[{"embeddable":true,"href":"http:\/\/portalcatolico.net\/portal\/wp-json\/wp\/v2\/media\/60081"}],"wp:attachment":[{"href":"http:\/\/portalcatolico.net\/portal\/wp-json\/wp\/v2\/media?parent=60080"}],"wp:term":[{"taxonomy":"category","embeddable":true,"href":"http:\/\/portalcatolico.net\/portal\/wp-json\/wp\/v2\/categories?post=60080"},{"taxonomy":"post_tag","embeddable":true,"href":"http:\/\/portalcatolico.net\/portal\/wp-json\/wp\/v2\/tags?post=60080"}],"curies":[{"name":"wp","href":"https:\/\/api.w.org\/{rel}","templated":true}]}}