{"id":60072,"date":"2018-10-13T12:39:24","date_gmt":"2018-10-13T15:39:24","guid":{"rendered":"http:\/\/portalcatolico.net\/portal\/?p=60072"},"modified":"2018-10-13T23:09:00","modified_gmt":"2018-10-14T02:09:00","slug":"celebracao-eucaristica-e-procissao-encerram-festa-de-nossa-senhora-aparecida-em-itabuna","status":"publish","type":"post","link":"http:\/\/portalcatolico.net\/portal\/celebracao-eucaristica-e-procissao-encerram-festa-de-nossa-senhora-aparecida-em-itabuna\/","title":{"rendered":"Celebra\u00e7\u00e3o Eucar\u00edstica e prociss\u00e3o encerram Festa de Nossa Senhora Aparecida em Itabuna"},"content":{"rendered":"<div dir=\"auto\">As homenagens a Nossa Senhora Aparecida, Padroeira do Brasil e da Par\u00f3quia&nbsp; de Nossa Senhora Aparecida do bairro Calif\u00f3rnia, em Itabuna (BA), encerrou nesta sexta-feira (12).<\/div>\n<div dir=\"auto\">No Brasil s\u00e3o milhares de capelas e par\u00f3quias que neste dia homenageiam Nossa Senhora da Concei\u00e7\u00e3o Aparecida.<\/div>\n<div dir=\"auto\">A festa teve in\u00edcio no dia 3 com o tema central: &#8220;M\u00e3e Aparecida, ensina-nos a viver nossa miss\u00e3o de crist\u00e3os leigos e leigas na Igreja e na sociedade&#8221;. E com o lema: &#8220;Sal da terra e luz do mundo.&#8221;(MT 5,13).<\/div>\n<div dir=\"auto\">Na programa\u00e7\u00e3o, teve missas todas as noites, reza do ter\u00e7o, prociss\u00e3o, quermesses, entre outros momentos de evangeliza\u00e7\u00e3o.&nbsp;<\/div>\n<div dir=\"auto\">Neste dia festivo, 12, a santa missa solene teve in\u00edcio \u00e0s 17h, com a presid\u00eancia do bispo diocesano Dom Carlos Alberto dos Santos e concelebrado pelos padres Jos\u00e9 Roberto (p\u00e1roco da Par\u00f3quia Nossa Senhora da Concei\u00e7\u00e3o do bairro Ferradas e Gilvan Oliveira, p\u00e1roco da Catedral de s\u00e3o Jos\u00e9 e os di\u00e1conos Jos\u00e9 Ara\u00fajo e Trajano Oswaldo).&nbsp;<\/div>\n<div dir=\"auto\">Na homilia, Dom Carlos disse: &#8220;N\u00f3s percebemos que a m\u00e3e chama, a m\u00e3e atrai, a m\u00e3e ama. Ela \u00e9 aquela que vai direcionando o caminho dos seus filhos. Pequenina, mas grande no seu cora\u00e7\u00e3o, que vai acolhendo a cada pessoa&#8221;.<\/div>\n<div dir=\"auto\">Os organizadores disponibilizaram tel\u00e3o e toldos, pois a Igreja matriz ficou pequena para acolher centenas de fieis neste dia especial para todos.<\/div>\n<div dir=\"auto\">Acompanhados de um trio el\u00e9trico, centenas de fieis, paroquianos e devotos de v\u00e1rios bairro de Itabuna participaram cantando e louvando a m\u00e3e e rainha do Brasil.&nbsp;<\/div>\n<div dir=\"auto\">Neste \u00faltimo dia, aconteceram duas celebra\u00e7\u00f5es em hor\u00e1rios diferenciados: \u00e0s 7h e \u00e0s 17h. Em seguida, teve prociss\u00e3o com a imagem da santa saindo da igreja matriz e percorrendo algumas ruas do bairro. Ao chegar na igreja, houve um momento de Adora\u00e7\u00e3o ao Jesus Eucar\u00edstico e a b\u00ean\u00e7\u00e3o com Sant\u00edssimo.&nbsp;<\/div>\n<div dir=\"auto\">Ao final da celebra\u00e7\u00e3o, o Padres Ezequias Gon\u00e7alves dos Santos, agradeceu a todos membros de pastorais, movimentos da Igreja matriz que colaboraram com a festa, como as pastorais da comunica\u00e7\u00e3o o Portal Cat\u00f3lico de Not\u00edcias e outros meios de comunica\u00e7\u00e3o.&nbsp;<\/div>\n<div dir=\"auto\">O sacerdote se emocionou ao falar da festa e deixou um recado para os fieis: &#8220;Agora \u00e9 hora de praticar tudo aquilo que n\u00f3s dizemos desde o dia 3 e \u00e9 com essa saudade e esperan\u00e7a que n\u00f3s vamos voltar para nossas pastorais, grupos e movimentos, levando alegria em termos vivido esse retiro mariano, durante essas nove noites&#8221;, finalizou.<\/div>\n<div dir=\"auto\">&nbsp;<\/div>\n<div dir=\"auto\">&nbsp;Fotos e texto:Portal Cat\u00f3lico.Net<\/div>\n<div dir=\"auto\">&nbsp;<\/div>\n<div dir=\"auto\">Galeria de fotos.<a href=\"http:\/\/portalcatolico.net\/portal\/procisao-e-missa-nossa-senhora-aparecida-em-itabuna\/?fbclid=IwAR2aWjjw6uKGsfG4CTE0BMKnAhdpsflJ5YS5P1-_b-7m303xZSUjx1O9Zds\"><strong>CLIQUE AQUI<\/strong><\/a>&nbsp; e confira<\/div>\n<div dir=\"auto\">&nbsp;<\/div>\n<div dir=\"auto\"><strong>Assista o v\u00eddeo<\/strong><\/div>\n<div dir=\"auto\">&nbsp;<\/div>\n<div dir=\"auto\"><a href=\"https:\/\/www.youtube.com\/watch?v=Aawp4hNZ4Yk&amp;feature=share\">https:\/\/www.youtube.com\/watch?v=Aawp4hNZ4Yk&amp;feature=share<\/a><\/div>\n","protected":false},"excerpt":{"rendered":"<p>As homenagens a Nossa Senhora Aparecida, Padroeira do Brasil e da Par\u00f3quia&nbsp; de Nossa Senhora Aparecida do bairro Calif\u00f3rnia, em Itabuna (BA), encerrou nesta sexta-feira (12). No Brasil s\u00e3o milhares de capelas e par\u00f3quias que neste dia homenageiam Nossa Senhora da Concei\u00e7\u00e3o Aparecida. A festa teve in\u00edcio no dia 3 com o tema central: &#8220;M\u00e3e&nbsp;<\/p>\n<p><a class=\"btn btn-style\" href=\"http:\/\/portalcatolico.net\/portal\/celebracao-eucaristica-e-procissao-encerram-festa-de-nossa-senhora-aparecida-em-itabuna\/\">Continue Reading<\/a><\/p>\n","protected":false},"author":2,"featured_media":60073,"comment_status":"open","ping_status":"open","sticky":false,"template":"","format":"standard","meta":{"footnotes":""},"categories":[68],"tags":[],"class_list":["post-60072","post","type-post","status-publish","format-standard","has-post-thumbnail","hentry","category-homilias"],"_links":{"self":[{"href":"http:\/\/portalcatolico.net\/portal\/wp-json\/wp\/v2\/posts\/60072","targetHints":{"allow":["GET"]}}],"collection":[{"href":"http:\/\/portalcatolico.net\/portal\/wp-json\/wp\/v2\/posts"}],"about":[{"href":"http:\/\/portalcatolico.net\/portal\/wp-json\/wp\/v2\/types\/post"}],"author":[{"embeddable":true,"href":"http:\/\/portalcatolico.net\/portal\/wp-json\/wp\/v2\/users\/2"}],"replies":[{"embeddable":true,"href":"http:\/\/portalcatolico.net\/portal\/wp-json\/wp\/v2\/comments?post=60072"}],"version-history":[{"count":6,"href":"http:\/\/portalcatolico.net\/portal\/wp-json\/wp\/v2\/posts\/60072\/revisions"}],"predecessor-version":[{"id":60079,"href":"http:\/\/portalcatolico.net\/portal\/wp-json\/wp\/v2\/posts\/60072\/revisions\/60079"}],"wp:featuredmedia":[{"embeddable":true,"href":"http:\/\/portalcatolico.net\/portal\/wp-json\/wp\/v2\/media\/60073"}],"wp:attachment":[{"href":"http:\/\/portalcatolico.net\/portal\/wp-json\/wp\/v2\/media?parent=60072"}],"wp:term":[{"taxonomy":"category","embeddable":true,"href":"http:\/\/portalcatolico.net\/portal\/wp-json\/wp\/v2\/categories?post=60072"},{"taxonomy":"post_tag","embeddable":true,"href":"http:\/\/portalcatolico.net\/portal\/wp-json\/wp\/v2\/tags?post=60072"}],"curies":[{"name":"wp","href":"https:\/\/api.w.org\/{rel}","templated":true}]}}