{"id":60069,"date":"2018-10-13T12:17:52","date_gmt":"2018-10-13T15:17:52","guid":{"rendered":"http:\/\/portalcatolico.net\/portal\/?p=60069"},"modified":"2018-10-13T12:17:52","modified_gmt":"2018-10-13T15:17:52","slug":"hoje-e-celebrada-a-beata-alexandrina-da-costa-que-viveu-a-paixao-de-cristo","status":"publish","type":"post","link":"http:\/\/portalcatolico.net\/portal\/hoje-e-celebrada-a-beata-alexandrina-da-costa-que-viveu-a-paixao-de-cristo\/","title":{"rendered":"Hoje \u00e9 celebrada a Beata Alexandrina da Costa, que viveu a paix\u00e3o de Cristo"},"content":{"rendered":"<p>&nbsp;\u201cQueres me encontrar, minha filha? Busca-me em teu cora\u00e7\u00e3o e em tua alma, a\u00ed habito teu cora\u00e7\u00e3o como em meu tabern\u00e1culo. Se soubesses o quanto me consolas e o quanto socorres os pecadores s\u00f3 ao dizer-me que eres minha v\u00edtima\u201d, disse uma vez Jesus \u00e0 Beata Alexandrina da Costa, que viveu em \u00eaxtase a paix\u00e3o de Cristo.<\/p>\n<p>Alexandrina nasceu em 1904, em Balasar (Portugal). Para preservar sua virgindade, aos 14 anos se lan\u00e7ou da janela do segundo andar de sua casa, diante da amea\u00e7a de alguns mal-intencionados que entraram \u00e0 for\u00e7a para abusar dela, de sua irm\u00e3 e de uma amiga.<\/p>\n<p>O golpe lhe causou, depois, uma paralisia total que a obrigou a ficar de cama pelo resto de sua&nbsp;vida. Mais tarde, ofereceu-se a Cristo como v\u00edtima pela convers\u00e3o dos pecadores, por amor \u00e0&nbsp;Eucaristia&nbsp;e pela consagra\u00e7\u00e3o do mundo ao Imaculado Cora\u00e7\u00e3o de Maria, mensagens fundamentais de F\u00e1tima.<\/p>\n<p>Nos \u00faltimos 13 anos de sua vida n\u00e3o provou alimento, nem bebida e se manteve apenas da Comunh\u00e3o. Entregue \u00e0 vida de ora\u00e7\u00e3o e jejum, em 180 ocasi\u00f5es experimentou misticamente a paix\u00e3o de Cristo com muito sofrimento.<\/p>\n<p>Milhares iam ao seu leito para receber dela palavras de consolo e de tornou Cooperadora Salesiana.<\/p>\n<p>Em 13 de outubro de 1955, anivers\u00e1rio do \u201cmilagre do sol\u201d que aconteceu em F\u00e1tima 38 anos antes, partiu para a Casa do Pai. Antes de morrer, disse: \u201cN\u00e3o pequem mais. Os prazeres desta vida n\u00e3o valem nada. Recebam a comunh\u00e3o; rezem o ter\u00e7o todos os dias. Isso resume tudo\u201d.<\/p>\n<p>A pedido da Beata, ficou escrito no epit\u00e1fio de seu t\u00famulo a seguinte inscri\u00e7\u00e3o: \u201cPecadores, se as cinzas do meu corpo puderem ser \u00fateis para a vossa salva\u00e7\u00e3o, aproximai-vos: passai todos por cima delas, pisai-as at\u00e9 desaparecerem, mas n\u00e3o pequeis mais! N\u00e3o ofendais mais o nosso Jesus! Pecadores, queria dizer-vos tantas coisas. N\u00e3o bastaria este grande cemit\u00e9rio para escrev\u00ea-las todas! Convertei-vos! N\u00e3o queirais perder a Jesus por toda a eternidade! Ele \u00e9 t\u00e3o bom!&#8230; Amai-O! Amai-O! Basta de pecar!\u201d.<\/p>\n<p>S\u00e3o Jo\u00e3o Paulo II a beatificou em 2004 e, naquela ocasi\u00e3o, assinalou que \u201cpela esteira da Beata Alexandrina, expressa na trilogia \u2018sofrer, amar, reparar\u2019, os crist\u00e3os podem encontrar est\u00edmulo e motiva\u00e7\u00e3o para nobilitar tudo o que a vida tenha de doloroso e triste com a prova maior de amor: sacrificar a vida por quem se ama\u201d.(ACI)<\/p>\n<p>Por Abel Camasca<\/p>\n","protected":false},"excerpt":{"rendered":"<p>&nbsp;\u201cQueres me encontrar, minha filha? Busca-me em teu cora\u00e7\u00e3o e em tua alma, a\u00ed habito teu cora\u00e7\u00e3o como em meu tabern\u00e1culo. Se soubesses o quanto me consolas e o quanto socorres os pecadores s\u00f3 ao dizer-me que eres minha v\u00edtima\u201d, disse uma vez Jesus \u00e0 Beata Alexandrina da Costa, que viveu em \u00eaxtase a paix\u00e3o&nbsp;<\/p>\n<p><a class=\"btn btn-style\" href=\"http:\/\/portalcatolico.net\/portal\/hoje-e-celebrada-a-beata-alexandrina-da-costa-que-viveu-a-paixao-de-cristo\/\">Continue Reading<\/a><\/p>\n","protected":false},"author":2,"featured_media":60070,"comment_status":"open","ping_status":"open","sticky":false,"template":"","format":"standard","meta":{"footnotes":""},"categories":[5],"tags":[],"class_list":["post-60069","post","type-post","status-publish","format-standard","has-post-thumbnail","hentry","category-igreja_no_mundo"],"_links":{"self":[{"href":"http:\/\/portalcatolico.net\/portal\/wp-json\/wp\/v2\/posts\/60069","targetHints":{"allow":["GET"]}}],"collection":[{"href":"http:\/\/portalcatolico.net\/portal\/wp-json\/wp\/v2\/posts"}],"about":[{"href":"http:\/\/portalcatolico.net\/portal\/wp-json\/wp\/v2\/types\/post"}],"author":[{"embeddable":true,"href":"http:\/\/portalcatolico.net\/portal\/wp-json\/wp\/v2\/users\/2"}],"replies":[{"embeddable":true,"href":"http:\/\/portalcatolico.net\/portal\/wp-json\/wp\/v2\/comments?post=60069"}],"version-history":[{"count":1,"href":"http:\/\/portalcatolico.net\/portal\/wp-json\/wp\/v2\/posts\/60069\/revisions"}],"predecessor-version":[{"id":60071,"href":"http:\/\/portalcatolico.net\/portal\/wp-json\/wp\/v2\/posts\/60069\/revisions\/60071"}],"wp:featuredmedia":[{"embeddable":true,"href":"http:\/\/portalcatolico.net\/portal\/wp-json\/wp\/v2\/media\/60070"}],"wp:attachment":[{"href":"http:\/\/portalcatolico.net\/portal\/wp-json\/wp\/v2\/media?parent=60069"}],"wp:term":[{"taxonomy":"category","embeddable":true,"href":"http:\/\/portalcatolico.net\/portal\/wp-json\/wp\/v2\/categories?post=60069"},{"taxonomy":"post_tag","embeddable":true,"href":"http:\/\/portalcatolico.net\/portal\/wp-json\/wp\/v2\/tags?post=60069"}],"curies":[{"name":"wp","href":"https:\/\/api.w.org\/{rel}","templated":true}]}}