{"id":59899,"date":"2018-10-13T00:47:45","date_gmt":"2018-10-13T03:47:45","guid":{"rendered":"http:\/\/portalcatolico.net\/portal\/?p=59899"},"modified":"2018-10-12T10:48:17","modified_gmt":"2018-10-12T13:48:17","slug":"vem-ai-a-festa-de-sao-judas-tadeu-em-itabuna","status":"publish","type":"post","link":"http:\/\/portalcatolico.net\/portal\/vem-ai-a-festa-de-sao-judas-tadeu-em-itabuna\/","title":{"rendered":"Vem a\u00ed a Festa de S\u00e3o Judas Tadeu em Itabuna"},"content":{"rendered":"<div dir=\"auto\">As festividades em homenagem ao padroeiro do bairro Cast\u00e1lia em Itabuna (BA), S\u00e3o Judas Tadeu, come\u00e7a no dia 17 de outubro, \u00e0s 19h, com uma carreata pela ruas do bairro.&nbsp;<\/div>\n<div dir=\"auto\">Os organizadores da festa convida voc\u00ea que tem carro, moto ou bicicleta a participar deste momento festivo.&nbsp;<\/div>\n<div dir=\"auto\">A Par\u00f3quia S\u00e3o Judas Tadeu, situa-se na Avenida Ilh\u00e9us, 410 ,Centro e tem como p\u00e1roco, o Pe. Ac\u00e1ssio Alves.<\/div>\n<div dir=\"auto\">O dia de S\u00e3o Judas Tadeu, padroeiro dos funcion\u00e1rios p\u00fablicos, ser\u00e1 celebrado no dia 28 de outubro.&nbsp;<\/div>\n","protected":false},"excerpt":{"rendered":"<p>As festividades em homenagem ao padroeiro do bairro Cast\u00e1lia em Itabuna (BA), S\u00e3o Judas Tadeu, come\u00e7a no dia 17 de outubro, \u00e0s 19h, com uma carreata pela ruas do bairro.&nbsp; Os organizadores da festa convida voc\u00ea que tem carro, moto ou bicicleta a participar deste momento festivo.&nbsp; A Par\u00f3quia S\u00e3o Judas Tadeu, situa-se na Avenida&nbsp;<\/p>\n<p><a class=\"btn btn-style\" href=\"http:\/\/portalcatolico.net\/portal\/vem-ai-a-festa-de-sao-judas-tadeu-em-itabuna\/\">Continue Reading<\/a><\/p>\n","protected":false},"author":2,"featured_media":59900,"comment_status":"open","ping_status":"open","sticky":false,"template":"","format":"standard","meta":{"footnotes":""},"categories":[4],"tags":[],"class_list":["post-59899","post","type-post","status-publish","format-standard","has-post-thumbnail","hentry","category-destaques"],"_links":{"self":[{"href":"http:\/\/portalcatolico.net\/portal\/wp-json\/wp\/v2\/posts\/59899","targetHints":{"allow":["GET"]}}],"collection":[{"href":"http:\/\/portalcatolico.net\/portal\/wp-json\/wp\/v2\/posts"}],"about":[{"href":"http:\/\/portalcatolico.net\/portal\/wp-json\/wp\/v2\/types\/post"}],"author":[{"embeddable":true,"href":"http:\/\/portalcatolico.net\/portal\/wp-json\/wp\/v2\/users\/2"}],"replies":[{"embeddable":true,"href":"http:\/\/portalcatolico.net\/portal\/wp-json\/wp\/v2\/comments?post=59899"}],"version-history":[{"count":1,"href":"http:\/\/portalcatolico.net\/portal\/wp-json\/wp\/v2\/posts\/59899\/revisions"}],"predecessor-version":[{"id":59901,"href":"http:\/\/portalcatolico.net\/portal\/wp-json\/wp\/v2\/posts\/59899\/revisions\/59901"}],"wp:featuredmedia":[{"embeddable":true,"href":"http:\/\/portalcatolico.net\/portal\/wp-json\/wp\/v2\/media\/59900"}],"wp:attachment":[{"href":"http:\/\/portalcatolico.net\/portal\/wp-json\/wp\/v2\/media?parent=59899"}],"wp:term":[{"taxonomy":"category","embeddable":true,"href":"http:\/\/portalcatolico.net\/portal\/wp-json\/wp\/v2\/categories?post=59899"},{"taxonomy":"post_tag","embeddable":true,"href":"http:\/\/portalcatolico.net\/portal\/wp-json\/wp\/v2\/tags?post=59899"}],"curies":[{"name":"wp","href":"https:\/\/api.w.org\/{rel}","templated":true}]}}