{"id":59896,"date":"2018-10-12T10:42:48","date_gmt":"2018-10-12T13:42:48","guid":{"rendered":"http:\/\/portalcatolico.net\/portal\/?p=59896"},"modified":"2018-10-12T10:42:48","modified_gmt":"2018-10-12T13:42:48","slug":"politica-pauta-cidada","status":"publish","type":"post","link":"http:\/\/portalcatolico.net\/portal\/politica-pauta-cidada\/","title":{"rendered":"Pol\u00edtica, pauta cidad\u00e3"},"content":{"rendered":"<p>Os sinais s\u00e3o evidentes: a pol\u00edtica retoma seu lugar de destaque na vida cidad\u00e3. Uma situa\u00e7\u00e3o que gera esperan\u00e7a, pois o contexto pol\u00edtico, gra\u00e7as aos aproveitadores, extremistas e oligarcas que contaminaram o cen\u00e1rio partid\u00e1rio, perdeu sua credibilidade. \u00c9 preciso, assim, resgatar o genu\u00edno sentido da pol\u00edtica: a mais nobre forma de se praticar a caridade, compromisso, acima de tudo, com o bem comum. O interesse crescente pela pol\u00edtica \u00e9 broto de esperan\u00e7a, que exige longo cultivo e certos cuidados. A participa\u00e7\u00e3o do povo na defini\u00e7\u00e3o dos rumos da sociedade brasileira deve ser fundamentada no entendimento de que governos n\u00e3o devem estar a servi\u00e7o de interesses espec\u00edficos, pouco nobres, mas de toda a coletividade, especialmente dos mais pobres. Percebe-se que a pol\u00edtica faz parte da ordem moral.<\/p>\n<p>H\u00e1 um envolvimento participativo crescente, especialmente dos jovens, nas discuss\u00f5es sobre o futuro do pa\u00eds.&nbsp; Mas isso n\u00e3o necessariamente significa a garantia de novos caminhos para a sociedade brasileira. Procurar o bem comum, a partir de meios adequados, deve ser o objetivo de todos. Uma atitude que requer a elabora\u00e7\u00e3o de novos entendimentos, distantes de mentalidades que se ancoram em escolhas moralistas, mas sem qualquer consist\u00eancia moral.<\/p>\n<p>Merece reflex\u00e3o o fato de o interesse pela pol\u00edtica ainda permanecer ref\u00e9m da configura\u00e7\u00e3o partid\u00e1ria, que tem pouca credibilidade. Hoje, em raz\u00e3o desse descr\u00e9dito, as legendas n\u00e3o podem ser mais crit\u00e9rio para a defini\u00e7\u00e3o nos sufr\u00e1gios eleitorais, especialmente quando se considera o perigo de polariza\u00e7\u00f5es, preconceitos e extremismos &#8211; contexto hostil que causa desentendimentos entre cidad\u00e3os, nas pr\u00f3prias fam\u00edlias. Vale analisar cada candidato a partir de seu compromisso com a \u00e9tica, e assim configurar, com clareza, os crit\u00e9rios que devem nortear escolhas de nomes e propostas.<\/p>\n<p>Aos que v\u00e3o submeter seus nomes \u00e0 escolha do eleitor, n\u00e3o basta simplesmente reproduzir jarg\u00f5es ou gestos, nem maquinalmente propagar acusa\u00e7\u00f5es a respeito do advers\u00e1rio. &nbsp;Requer-se profundo compromisso com os valores do Evangelho de Jesus Cristo, no seu horizonte adequado do cristianismo. Isso significa, por exemplo, distanciar-se de perspectivas interesseiras, que resultam em bancadas parlamentares, meio para se alcan\u00e7ar objetivos particulares, na contram\u00e3o do bem comum. Todos os crist\u00e3os devem se dedicar a uma cuidadosa avalia\u00e7\u00e3o das candidaturas, antes de fazer suas escolhas, para evitar que, mais tarde, sejam ainda mais recorrentes os epis\u00f3dios de viol\u00eancia.<\/p>\n<p>A sociedade precisa alicer\u00e7ar-se em valores e princ\u00edpios que n\u00e3o podem servir apenas de jarg\u00f5es nos diferentes discursos de candidatos. Esses valores devem ser assumidos como compromissos, at\u00e9 de modo formal, para possibilitar ao eleitor acompanhar o cumprimento do que \u00e9 prometido. O contexto exige que os cidad\u00e3os busquem avaliar nomes, conjunturas e propostas com muita aten\u00e7\u00e3o, com uma lupa, para que sejam escolhidos aqueles que verdadeiramente ser\u00e3o capazes de articular os valores intoc\u00e1veis da democracia, da fam\u00edlia e da vida. Vale especialmente considerar a compet\u00eancia individual de candidatos para arquitetar consensos e entendimentos, para al\u00e9m das estreitezas do universo partid\u00e1rio.<\/p>\n<p>As decis\u00f5es n\u00e3o podem ser definidas por crit\u00e9rios partid\u00e1rios, pois, atualmente, as siglas n\u00e3o t\u00eam a credibilidade necess\u00e1ria. \u00c9 o que as urnas revelaram no primeiro turno. Que seja observada a compet\u00eancia dialogal e human\u00edstica dos candidatos, para que as escolhas n\u00e3o se transformem em \u201cum tiro pela culatra\u201d. H\u00e1, pois, um desafio para os crist\u00e3os, especialmente os crist\u00e3os cat\u00f3licos: discernir sobre determinadas pautas que aparentam ser coerentes com seus valores, mas na realidade podem representar o risco de abrir descaminhos e desrespeitos, pelos estreitamentos e polariza\u00e7\u00f5es em curso. Nesse processo de amadurecimento das escolhas, o debate tem lugar importante.<\/p>\n<p>O m\u00ednimo que se exige \u00e9 o debate p\u00fablico das propostas, para que pontos de vista sejam evidenciados e n\u00e3o se corra o risco de comprar \u201cgato por lebre\u201d. S\u00f3 mesmo a participa\u00e7\u00e3o cidad\u00e3 de eleitores e candidatos, \u00e0 luz da \u00e9tica e de valores coerentes com o Evangelho, poder\u00e1 fazer com que o interesse atual pela pol\u00edtica n\u00e3o seja mero protesto, ou uma paix\u00e3o passageira. A participa\u00e7\u00e3o cidad\u00e3 precisa ser momento de recria\u00e7\u00e3o da sociedade brasileira. Para isso, devem ser observados crit\u00e9rios, a exemplo dos que s\u00e3o oferecidos pela Doutrina Social da Igreja Cat\u00f3lica, que n\u00e3o constitui \u201cbancadas\u201d a partir de interesses cartoriais. A Igreja Cat\u00f3lica luta pela verdade, pela justi\u00e7a e pelo bem de todos.<\/p>\n<p>A Igreja Cat\u00f3lica n\u00e3o indica nomes ou partidos, mas oferece crit\u00e9rios, com for\u00e7a e lucidez, para que sejam feitas as melhores escolhas, entre os nomes poss\u00edveis. A divulga\u00e7\u00e3o desses crit\u00e9rios, fundamentados no Evangelho, j\u00e1 est\u00e3o auxiliando os cidad\u00e3os a tomarem decis\u00f5es acertadas. &nbsp;Que sejam inspiradores os ensinamentos de Jesus nos processos de discernimento, para que a pol\u00edtica, na pauta cidad\u00e3, consolide-se como broto de esperan\u00e7a.<\/p>\n<p>Dom Walmor Oliveira de Azevedo<\/p>\n<p>Arcebispo metropolitano de Belo Horizonte<\/p>\n<p style=\"font-weight: 400;\">&nbsp;<\/p>\n","protected":false},"excerpt":{"rendered":"<p>Os sinais s\u00e3o evidentes: a pol\u00edtica retoma seu lugar de destaque na vida cidad\u00e3. Uma situa\u00e7\u00e3o que gera esperan\u00e7a, pois o contexto pol\u00edtico, gra\u00e7as aos aproveitadores, extremistas e oligarcas que contaminaram o cen\u00e1rio partid\u00e1rio, perdeu sua credibilidade. \u00c9 preciso, assim, resgatar o genu\u00edno sentido da pol\u00edtica: a mais nobre forma de se praticar a caridade,&nbsp;<\/p>\n<p><a class=\"btn btn-style\" href=\"http:\/\/portalcatolico.net\/portal\/politica-pauta-cidada\/\">Continue Reading<\/a><\/p>\n","protected":false},"author":2,"featured_media":59897,"comment_status":"open","ping_status":"open","sticky":false,"template":"","format":"standard","meta":{"footnotes":""},"categories":[69],"tags":[],"class_list":["post-59896","post","type-post","status-publish","format-standard","has-post-thumbnail","hentry","category-artigos"],"_links":{"self":[{"href":"http:\/\/portalcatolico.net\/portal\/wp-json\/wp\/v2\/posts\/59896","targetHints":{"allow":["GET"]}}],"collection":[{"href":"http:\/\/portalcatolico.net\/portal\/wp-json\/wp\/v2\/posts"}],"about":[{"href":"http:\/\/portalcatolico.net\/portal\/wp-json\/wp\/v2\/types\/post"}],"author":[{"embeddable":true,"href":"http:\/\/portalcatolico.net\/portal\/wp-json\/wp\/v2\/users\/2"}],"replies":[{"embeddable":true,"href":"http:\/\/portalcatolico.net\/portal\/wp-json\/wp\/v2\/comments?post=59896"}],"version-history":[{"count":1,"href":"http:\/\/portalcatolico.net\/portal\/wp-json\/wp\/v2\/posts\/59896\/revisions"}],"predecessor-version":[{"id":59898,"href":"http:\/\/portalcatolico.net\/portal\/wp-json\/wp\/v2\/posts\/59896\/revisions\/59898"}],"wp:featuredmedia":[{"embeddable":true,"href":"http:\/\/portalcatolico.net\/portal\/wp-json\/wp\/v2\/media\/59897"}],"wp:attachment":[{"href":"http:\/\/portalcatolico.net\/portal\/wp-json\/wp\/v2\/media?parent=59896"}],"wp:term":[{"taxonomy":"category","embeddable":true,"href":"http:\/\/portalcatolico.net\/portal\/wp-json\/wp\/v2\/categories?post=59896"},{"taxonomy":"post_tag","embeddable":true,"href":"http:\/\/portalcatolico.net\/portal\/wp-json\/wp\/v2\/tags?post=59896"}],"curies":[{"name":"wp","href":"https:\/\/api.w.org\/{rel}","templated":true}]}}