{"id":59892,"date":"2018-10-12T08:39:57","date_gmt":"2018-10-12T11:39:57","guid":{"rendered":"http:\/\/portalcatolico.net\/portal\/?p=59892"},"modified":"2018-10-12T08:39:57","modified_gmt":"2018-10-12T11:39:57","slug":"alemanha-e-india-unidas-pelo-milagre-de-religiosa-que-sera-canonizada","status":"publish","type":"post","link":"http:\/\/portalcatolico.net\/portal\/alemanha-e-india-unidas-pelo-milagre-de-religiosa-que-sera-canonizada\/","title":{"rendered":"Alemanha e \u00cdndia unidas pelo milagre de religiosa que ser\u00e1 canonizada"},"content":{"rendered":"<p>No pr\u00f3ximo domingo, 14 de outubro, a Beata Maria Catarina Kasper se tornar\u00e1 a primeira santa da Diocese de Limburg (Alemanha), gra\u00e7as ao milagre realizado a um religioso indiano que sofreu um grave acidente em 2011.<\/p>\n<p>Em 26 de novembro daquele ano, um religioso chamado Leo, da cidade de Madhya Pradesh (\u00cdndia), sofreu um grave acidente na estrada Mumbai-Agra. No dia seguinte, a comunidade das Servas Pobres de Jesus Cristo, que viviam muito perto do local, ficaram sabendo do ocorrido.<\/p>\n<p>As irm\u00e3s, que conheciam o religioso, providenciaram sua transfer\u00eancia para o Centro de Investiga\u00e7\u00e3o Choithram em Indore, onde foi conectado a um ventilador mec\u00e2nico, devido \u00e0 sua condi\u00e7\u00e3o cr\u00edtica. O Irm\u00e3o Leo tinha politraumatismo com m\u00faltiplas les\u00f5es na cabe\u00e7a, hemorragia interna, les\u00f5es na coluna vertebral e outras feridas abdominais.<\/p>\n<p>As im\u00e3s Servas Pobres de Jesus Cristo come\u00e7aram uma novena para pedir a intercess\u00e3o da fundadora Beata Maria Catarina Kasper.<\/p>\n<p>Dois dias depois, a equipe m\u00e9dica declarou morte cl\u00ednica do religioso. Com o diagn\u00f3stico fatal, a comunidade \u00e0 qual pertencia o Irm\u00e3o Leo come\u00e7ou os preparativos para o funeral.<\/p>\n<p>Durante o funeral, enquanto se despediam do religioso, uma das servas pobres de Jesus Cristo segurou sua m\u00e3e e o chamou por seu nome. Com surpresa, perceberam movimento no corpo e nos olhos do Irm\u00e3o Leo.<\/p>\n<p>Imediatamente, o religioso recebeu os cuidados m\u00e9dicos e, no dia seguinte, come\u00e7ou a falar. Apesar das graves les\u00f5es, as cirurgias programadas n\u00e3o foram necess\u00e1rias e, em 4 de janeiro de 2012, o Irm\u00e3o Leo recebeu alta.<\/p>\n<p><strong>Breve biografia<\/strong><\/p>\n<p>Maria Catarina Kasper nasceu em Dernbach (Alemanha) em 1820. Frequentou pouco a escola por causa de sua sa\u00fade fr\u00e1gil. Seu pai faleceu quando ela tinha 21 anos, por isso, teve que trabalhar como camponesa e tecel\u00e3 para ajuda sua fam\u00edlia.<\/p>\n<p>Desde pequena era sens\u00edvel \u00e0s necessidades de seu povo e ainda jovem come\u00e7ou a ajudar os pobres, abandonados e doentes.<\/p>\n<p>Incentivada por seu diretor espiritual, Pe. Heimann, e com o apoio do Bispo de Limburg, Dom Peter Josef Blum, Maria Catarina Kasper come\u00e7ou em 1847 a constru\u00e7\u00e3o da \u201cPequena Casa de Nazar\u00e9\u201d, para desenvolver sua obra de caridade.<\/p>\n<p>No ano seguinte, ap\u00f3s a morte de sua m\u00e3e, mudou-se ao lar para dedicar-se por completo ao seu trabalho junto a um grupo de jovens.<\/p>\n<p>Em 15 de agosto de 1851, dia da Assun\u00e7\u00e3o da&nbsp;Virgem Maria, foi formada a Congrega\u00e7\u00e3o Servas Pobres de Jesus Cristo. Com o tempo, Madre Maria Catarina come\u00e7ou a forma\u00e7\u00e3o de novi\u00e7as e a abertura de novas casas, inclusive no exterior, para ajudar os imigrantes alem\u00e3es.<\/p>\n<p>Madre Maria Catarina Kasper faleceu em 2 de fevereiro de 1898, dias depois de sofrer um ataque do cora\u00e7\u00e3o.<\/p>\n<p>Em 16 de abril de 1978, foi beatificada pelo Papa Paulo VI. (ACI Digital)<\/p>\n<p>Por Giselle Vargas<\/p>\n<p>Beata Maria Catarina Kasper \/ Foto: Diocese de Limburg<\/p>\n","protected":false},"excerpt":{"rendered":"<p>No pr\u00f3ximo domingo, 14 de outubro, a Beata Maria Catarina Kasper se tornar\u00e1 a primeira santa da Diocese de Limburg (Alemanha), gra\u00e7as ao milagre realizado a um religioso indiano que sofreu um grave acidente em 2011. Em 26 de novembro daquele ano, um religioso chamado Leo, da cidade de Madhya Pradesh (\u00cdndia), sofreu um grave&nbsp;<\/p>\n<p><a class=\"btn btn-style\" href=\"http:\/\/portalcatolico.net\/portal\/alemanha-e-india-unidas-pelo-milagre-de-religiosa-que-sera-canonizada\/\">Continue Reading<\/a><\/p>\n","protected":false},"author":2,"featured_media":59893,"comment_status":"open","ping_status":"open","sticky":false,"template":"","format":"standard","meta":{"footnotes":""},"categories":[5],"tags":[],"class_list":["post-59892","post","type-post","status-publish","format-standard","has-post-thumbnail","hentry","category-igreja_no_mundo"],"_links":{"self":[{"href":"http:\/\/portalcatolico.net\/portal\/wp-json\/wp\/v2\/posts\/59892","targetHints":{"allow":["GET"]}}],"collection":[{"href":"http:\/\/portalcatolico.net\/portal\/wp-json\/wp\/v2\/posts"}],"about":[{"href":"http:\/\/portalcatolico.net\/portal\/wp-json\/wp\/v2\/types\/post"}],"author":[{"embeddable":true,"href":"http:\/\/portalcatolico.net\/portal\/wp-json\/wp\/v2\/users\/2"}],"replies":[{"embeddable":true,"href":"http:\/\/portalcatolico.net\/portal\/wp-json\/wp\/v2\/comments?post=59892"}],"version-history":[{"count":1,"href":"http:\/\/portalcatolico.net\/portal\/wp-json\/wp\/v2\/posts\/59892\/revisions"}],"predecessor-version":[{"id":59894,"href":"http:\/\/portalcatolico.net\/portal\/wp-json\/wp\/v2\/posts\/59892\/revisions\/59894"}],"wp:featuredmedia":[{"embeddable":true,"href":"http:\/\/portalcatolico.net\/portal\/wp-json\/wp\/v2\/media\/59893"}],"wp:attachment":[{"href":"http:\/\/portalcatolico.net\/portal\/wp-json\/wp\/v2\/media?parent=59892"}],"wp:term":[{"taxonomy":"category","embeddable":true,"href":"http:\/\/portalcatolico.net\/portal\/wp-json\/wp\/v2\/categories?post=59892"},{"taxonomy":"post_tag","embeddable":true,"href":"http:\/\/portalcatolico.net\/portal\/wp-json\/wp\/v2\/tags?post=59892"}],"curies":[{"name":"wp","href":"https:\/\/api.w.org\/{rel}","templated":true}]}}