{"id":59887,"date":"2018-10-11T22:14:10","date_gmt":"2018-10-12T01:14:10","guid":{"rendered":"http:\/\/portalcatolico.net\/portal\/?p=59887"},"modified":"2018-10-11T22:14:10","modified_gmt":"2018-10-12T01:14:10","slug":"bispo-da-diocese-de-amargosa-realiza-visita-a-roma","status":"publish","type":"post","link":"http:\/\/portalcatolico.net\/portal\/bispo-da-diocese-de-amargosa-realiza-visita-a-roma\/","title":{"rendered":"Bispo da Diocese de Amargosa realiza visita a Roma"},"content":{"rendered":"<p>O Bispo da Diocese de Amargosa na Bahia, Dom Valdemir Ferreira, participou nesta quarta-feira (10\/10), da Audi\u00eancia Geral com o Papa Francisco na Pra\u00e7a S\u00e3o Pedro. Dom Valdemir chegou em Roma \u00e0s 20 horas de ter\u00e7a-feira, dia 9, hor\u00e1rio da It\u00e1lia. Ap\u00f3s a tradicional audi\u00eancia do Papa com os fi\u00e9is e peregrinos, Dom Valdemir enviou uma mensagem ao clero de Amargosa e aos seus diocesanos.<\/p>\n<p>\u201c[Estou] perto do t\u00famulo de Pedro orando pela nossa Diocese, a todos a nossa sauda\u00e7\u00e3o e a nossa ben\u00e7\u00e3o. Recordando hoje a catequese do Papa Francisco sobre a vida, refletindo sobre o 5\u00ba mandamento \u2013 N\u00e3o Matar. A nossa cultura \u00e9 a cultura da vida porque o nosso Deus \u00e9 o Senhor da vida e da esperan\u00e7a, por isso mesmo diz o papa: \u2018[Deus] \u00e9 amante da vida porque [Ele] \u00e9 amor&#8217;\u201d.<\/p>\n<p>Fonte:Tribuna do Rec\u00f4ncavo | Informa\u00e7\u00f5es enviadas via&nbsp;WhatsApp<\/p>\n<p>Foto: Reprodu\u00e7\u00e3o\/ WhatsApp<\/p>\n","protected":false},"excerpt":{"rendered":"<p>O Bispo da Diocese de Amargosa na Bahia, Dom Valdemir Ferreira, participou nesta quarta-feira (10\/10), da Audi\u00eancia Geral com o Papa Francisco na Pra\u00e7a S\u00e3o Pedro. Dom Valdemir chegou em Roma \u00e0s 20 horas de ter\u00e7a-feira, dia 9, hor\u00e1rio da It\u00e1lia. Ap\u00f3s a tradicional audi\u00eancia do Papa com os fi\u00e9is e peregrinos, Dom Valdemir enviou&nbsp;<\/p>\n<p><a class=\"btn btn-style\" href=\"http:\/\/portalcatolico.net\/portal\/bispo-da-diocese-de-amargosa-realiza-visita-a-roma\/\">Continue Reading<\/a><\/p>\n","protected":false},"author":2,"featured_media":59888,"comment_status":"open","ping_status":"open","sticky":false,"template":"","format":"standard","meta":{"footnotes":""},"categories":[65],"tags":[],"class_list":["post-59887","post","type-post","status-publish","format-standard","has-post-thumbnail","hentry","category-entrevistas"],"_links":{"self":[{"href":"http:\/\/portalcatolico.net\/portal\/wp-json\/wp\/v2\/posts\/59887","targetHints":{"allow":["GET"]}}],"collection":[{"href":"http:\/\/portalcatolico.net\/portal\/wp-json\/wp\/v2\/posts"}],"about":[{"href":"http:\/\/portalcatolico.net\/portal\/wp-json\/wp\/v2\/types\/post"}],"author":[{"embeddable":true,"href":"http:\/\/portalcatolico.net\/portal\/wp-json\/wp\/v2\/users\/2"}],"replies":[{"embeddable":true,"href":"http:\/\/portalcatolico.net\/portal\/wp-json\/wp\/v2\/comments?post=59887"}],"version-history":[{"count":1,"href":"http:\/\/portalcatolico.net\/portal\/wp-json\/wp\/v2\/posts\/59887\/revisions"}],"predecessor-version":[{"id":59889,"href":"http:\/\/portalcatolico.net\/portal\/wp-json\/wp\/v2\/posts\/59887\/revisions\/59889"}],"wp:featuredmedia":[{"embeddable":true,"href":"http:\/\/portalcatolico.net\/portal\/wp-json\/wp\/v2\/media\/59888"}],"wp:attachment":[{"href":"http:\/\/portalcatolico.net\/portal\/wp-json\/wp\/v2\/media?parent=59887"}],"wp:term":[{"taxonomy":"category","embeddable":true,"href":"http:\/\/portalcatolico.net\/portal\/wp-json\/wp\/v2\/categories?post=59887"},{"taxonomy":"post_tag","embeddable":true,"href":"http:\/\/portalcatolico.net\/portal\/wp-json\/wp\/v2\/tags?post=59887"}],"curies":[{"name":"wp","href":"https:\/\/api.w.org\/{rel}","templated":true}]}}