{"id":59884,"date":"2018-10-11T21:56:40","date_gmt":"2018-10-12T00:56:40","guid":{"rendered":"http:\/\/portalcatolico.net\/portal\/?p=59884"},"modified":"2018-10-11T22:00:12","modified_gmt":"2018-10-12T01:00:12","slug":"o-pedido-urgente-do-papa-francisco","status":"publish","type":"post","link":"http:\/\/portalcatolico.net\/portal\/o-pedido-urgente-do-papa-francisco\/","title":{"rendered":"O pedido urgente do Papa Francisco"},"content":{"rendered":"<p class=\"subtitle\">Contra as for\u00e7as do mal que dividem a comunidade crist\u00e3<\/p>\n<p>N\u00f3s, fi\u00e9is, temos uma grande miss\u00e3o neste m\u00eas de outubro: rezar o ter\u00e7o todos os dias juntamente com a ora\u00e7\u00e3o a Nossa Senhora, para que proteja a Igreja nestes tempos de crise, e a S\u00e3o Miguel Arcanjo, para defend\u00ea-la dos ataques do inimigo. Esse foi o apelo do Papa Francisco aos fi\u00e9is de todo o mundo.<\/p>\n<p>Este pedido urgente foi tema de um comunicado de imprensa do Vaticano, retransmitido por muitos meios de comunica\u00e7\u00e3o. O Papa tamb\u00e9m&nbsp;repassou essa mensagem ao padre jesu\u00edta Fr\u00e9r\u00e9ric Fornos, diretor internacional da Rede Mundial de Ora\u00e7\u00e3o ao Papa, e pediu-lhe para difundir ao redor do mundo esta campanha especial de ora\u00e7\u00e3o.<\/p>\n<p>Vamos nos unir a este pedido para lutar contra o mal e proteger a Igreja?<\/p>\n<p>Acreditamos que n\u00e3o seja f\u00e1cil atender a esse pedido sozinho(a).&nbsp;\u00c9 por isso que lan\u00e7amos uma&nbsp;<strong>comunidade no Hozana<\/strong>&nbsp;para tornar a ora\u00e7\u00e3o do ros\u00e1rio mais acess\u00edvel e permitir que todos respondam ao chamado do Papa.<\/p>\n<p>Convidamos voc\u00ea para participar dessa grande comunidade de ora\u00e7\u00e3o que&nbsp;<strong>come\u00e7ar\u00e1 na pr\u00f3xima segunda-feira, dia 15 de outubro<\/strong>, e terminar\u00e1 dia 8 de novembro. Ao final, rezaremos um ros\u00e1rio completo.<\/p>\n<p>Todas as manh\u00e3s, voc\u00ea receber\u00e1 uma breve inten\u00e7\u00e3o de ora\u00e7\u00e3o, uma medita\u00e7\u00e3o sobre um mist\u00e9rio do ros\u00e1rio, a mais antiga invoca\u00e7\u00e3o \u00e0 Santa M\u00e3e de Deus \u201cSub tuum praesidium\u201d (Sob a vossa Prote\u00e7\u00e3o) e a tradicional ora\u00e7\u00e3o a S\u00e3o Miguel.(Hozana)<\/p>\n","protected":false},"excerpt":{"rendered":"<p>Contra as for\u00e7as do mal que dividem a comunidade crist\u00e3 N\u00f3s, fi\u00e9is, temos uma grande miss\u00e3o neste m\u00eas de outubro: rezar o ter\u00e7o todos os dias juntamente com a ora\u00e7\u00e3o a Nossa Senhora, para que proteja a Igreja nestes tempos de crise, e a S\u00e3o Miguel Arcanjo, para defend\u00ea-la dos ataques do inimigo. Esse foi&nbsp;<\/p>\n<p><a class=\"btn btn-style\" href=\"http:\/\/portalcatolico.net\/portal\/o-pedido-urgente-do-papa-francisco\/\">Continue Reading<\/a><\/p>\n","protected":false},"author":2,"featured_media":59885,"comment_status":"open","ping_status":"open","sticky":false,"template":"","format":"standard","meta":{"footnotes":""},"categories":[5],"tags":[],"class_list":["post-59884","post","type-post","status-publish","format-standard","has-post-thumbnail","hentry","category-igreja_no_mundo"],"_links":{"self":[{"href":"http:\/\/portalcatolico.net\/portal\/wp-json\/wp\/v2\/posts\/59884","targetHints":{"allow":["GET"]}}],"collection":[{"href":"http:\/\/portalcatolico.net\/portal\/wp-json\/wp\/v2\/posts"}],"about":[{"href":"http:\/\/portalcatolico.net\/portal\/wp-json\/wp\/v2\/types\/post"}],"author":[{"embeddable":true,"href":"http:\/\/portalcatolico.net\/portal\/wp-json\/wp\/v2\/users\/2"}],"replies":[{"embeddable":true,"href":"http:\/\/portalcatolico.net\/portal\/wp-json\/wp\/v2\/comments?post=59884"}],"version-history":[{"count":1,"href":"http:\/\/portalcatolico.net\/portal\/wp-json\/wp\/v2\/posts\/59884\/revisions"}],"predecessor-version":[{"id":59886,"href":"http:\/\/portalcatolico.net\/portal\/wp-json\/wp\/v2\/posts\/59884\/revisions\/59886"}],"wp:featuredmedia":[{"embeddable":true,"href":"http:\/\/portalcatolico.net\/portal\/wp-json\/wp\/v2\/media\/59885"}],"wp:attachment":[{"href":"http:\/\/portalcatolico.net\/portal\/wp-json\/wp\/v2\/media?parent=59884"}],"wp:term":[{"taxonomy":"category","embeddable":true,"href":"http:\/\/portalcatolico.net\/portal\/wp-json\/wp\/v2\/categories?post=59884"},{"taxonomy":"post_tag","embeddable":true,"href":"http:\/\/portalcatolico.net\/portal\/wp-json\/wp\/v2\/tags?post=59884"}],"curies":[{"name":"wp","href":"https:\/\/api.w.org\/{rel}","templated":true}]}}