{"id":59881,"date":"2018-10-11T21:44:22","date_gmt":"2018-10-12T00:44:22","guid":{"rendered":"http:\/\/portalcatolico.net\/portal\/?p=59881"},"modified":"2018-10-11T21:45:39","modified_gmt":"2018-10-12T00:45:39","slug":"salve-a-padroeira-do-brasil-santuario-e-paroquia-dedicados-a-nossa-senhora-aparecida-ja-estao-em-festa","status":"publish","type":"post","link":"http:\/\/portalcatolico.net\/portal\/salve-a-padroeira-do-brasil-santuario-e-paroquia-dedicados-a-nossa-senhora-aparecida-ja-estao-em-festa\/","title":{"rendered":"Salve a Padroeira do Brasil: Santu\u00e1rio e par\u00f3quia dedicados \u00e0 Nossa Senhora Aparecida j\u00e1 est\u00e3o em festa"},"content":{"rendered":"<p>A Rainha e Padroeira do Brasil, Nossa Senhora da Concei\u00e7\u00e3o Aparecida, ser\u00e1 homenageada nas mais diversas regi\u00f5es do pa\u00eds no dia 12 de outubro. Na Arquidiocese de Salvador, no bairro do Imbu\u00ed, o Santu\u00e1rio Nossa Senhora da Concei\u00e7\u00e3o Aparecida reunir\u00e1 milhares de fi\u00e9is, ao longo de todo o dia, para celebrar, tamb\u00e9m, o 1\u00ba anivers\u00e1rio de eleva\u00e7\u00e3o do templo a Santu\u00e1rio e os 40 anos de restauro da imagem original encontrada nas \u00e1guas do Rio Para\u00edba do Sul, em Aparecida \u2013 S\u00e3o Paulo.<\/p>\n<p>Antes, em prepara\u00e7\u00e3o a este grande dia, os fi\u00e9is participam do noven\u00e1rio, que acontece de 3 a 11 de outubro, sempre \u00e0s 19h30, com exce\u00e7\u00e3o dos dias 6 e 7 de outubro (s\u00e1bado e domingo), quando os devotos se encontram \u00e0s 18h. A cada noite a comunidade \u00e9 convidada a colaborar com um gesto concreto, por meio da doa\u00e7\u00e3o de: material de higiene (1\u00aa noite), a\u00e7\u00facar e biscoito (2\u00aa noite), arroz (3\u00aa noite), farinha de mandioca e flocos de milho (4\u00aa noite), feij\u00e3o (5\u00aa noite), caf\u00e9 (6\u00aa &nbsp;noite), macarr\u00e3o e massa de tomate (7\u00aa noite), leite em p\u00f3 (8\u00aa noite) e \u00f3leo (9\u00aa noite).<\/p>\n<p>A programa\u00e7\u00e3o do Dia Festivo \u2013 12 de outubro \u2013 contar\u00e1 com alvorada \u00e0s 5h; recita\u00e7\u00e3o do Of\u00edcio da Imaculada Concei\u00e7\u00e3o, \u00e0s 5h30; Missas \u00e0s 6h30, 9h30, 12h e 15h. A tradicional prociss\u00e3o com a imagem de Nossa Senhora Aparecida ter\u00e1 in\u00edcio \u00e0s 16h30, saindo do Santu\u00e1rio e percorrendo toda a Pra\u00e7a do Imbu\u00ed. O \u00e1pice da festa ter\u00e1 in\u00edcio \u00e0s 18h, quando o bispo auxiliar, Dom Estevam dos Santos Silva Filho, presidir\u00e1 a Missa Solene presidida.<\/p>\n<p>J\u00e1 na Par\u00f3quia Nossa Senhora Aparecida e Santa Catarina de Sena, em Itinga \u2013 Lauro de Freitas, os devotos celebram a festa da padroeira com o tema \u201cMaria, primeira disc\u00edpula, testemunho para os leigos e as leigas\u201d. O noven\u00e1rio tamb\u00e9m acontece de 3 a 11 de outubro, na Matriz, sempre com in\u00edcio \u00e0s 19h. Como gesto concreto, a par\u00f3quia pede a doa\u00e7\u00e3o de farinha (1\u00aa noite), arroz (2\u00aa noite), feij\u00e3o (3\u00aa noite), leite (4\u00aa noite), a\u00e7\u00facar (5\u00aa noite), caf\u00e9 (6\u00aa noite), \u00f3leo (7\u00aa noite), macarr\u00e3o (8\u00aa noite) e biscoito (9\u00aa noite).<\/p>\n<p>No dia festivo, 12 de outubro, a comunidade participa de uma programa\u00e7\u00e3o intensa, marcada por alvorada, \u00e0s 6h; Of\u00edcio de Nossa Senhora, \u00e0s 6h30; Missa, \u00e0s 7h; batizados, \u00e0s 8h. A partir das 9h os fi\u00e9is participam de uma carreata, saindo da Igreja Santa B\u00e1rbara, \u00e0s 10h, e seguindo at\u00e9 a Matriz, onde ser\u00e1 celebrada, \u00e0s 10h, a segunda Missa do dia. J\u00e1 \u00e0s 17h acontecer\u00e1 uma prociss\u00e3o, com in\u00edcio na localidade Terraplac (Pra\u00e7a Oscar Moreira), em dire\u00e7\u00e3o \u00e0 Matriz. Para encerrar os festejos, \u00e0s 18h, o Arcebispo de Salvador e Primaz do Brasil, Dom Murilo Krieger, presidir\u00e1 a Missa Solene.<\/p>\n<p>Jornalista: Sara Gomes\/Arquidiocese de Salvador<\/p>\n","protected":false},"excerpt":{"rendered":"<p>A Rainha e Padroeira do Brasil, Nossa Senhora da Concei\u00e7\u00e3o Aparecida, ser\u00e1 homenageada nas mais diversas regi\u00f5es do pa\u00eds no dia 12 de outubro. Na Arquidiocese de Salvador, no bairro do Imbu\u00ed, o Santu\u00e1rio Nossa Senhora da Concei\u00e7\u00e3o Aparecida reunir\u00e1 milhares de fi\u00e9is, ao longo de todo o dia, para celebrar, tamb\u00e9m, o 1\u00ba anivers\u00e1rio&nbsp;<\/p>\n<p><a class=\"btn btn-style\" href=\"http:\/\/portalcatolico.net\/portal\/salve-a-padroeira-do-brasil-santuario-e-paroquia-dedicados-a-nossa-senhora-aparecida-ja-estao-em-festa\/\">Continue Reading<\/a><\/p>\n","protected":false},"author":2,"featured_media":59882,"comment_status":"open","ping_status":"open","sticky":false,"template":"","format":"standard","meta":{"footnotes":""},"categories":[69],"tags":[],"class_list":["post-59881","post","type-post","status-publish","format-standard","has-post-thumbnail","hentry","category-artigos"],"_links":{"self":[{"href":"http:\/\/portalcatolico.net\/portal\/wp-json\/wp\/v2\/posts\/59881","targetHints":{"allow":["GET"]}}],"collection":[{"href":"http:\/\/portalcatolico.net\/portal\/wp-json\/wp\/v2\/posts"}],"about":[{"href":"http:\/\/portalcatolico.net\/portal\/wp-json\/wp\/v2\/types\/post"}],"author":[{"embeddable":true,"href":"http:\/\/portalcatolico.net\/portal\/wp-json\/wp\/v2\/users\/2"}],"replies":[{"embeddable":true,"href":"http:\/\/portalcatolico.net\/portal\/wp-json\/wp\/v2\/comments?post=59881"}],"version-history":[{"count":1,"href":"http:\/\/portalcatolico.net\/portal\/wp-json\/wp\/v2\/posts\/59881\/revisions"}],"predecessor-version":[{"id":59883,"href":"http:\/\/portalcatolico.net\/portal\/wp-json\/wp\/v2\/posts\/59881\/revisions\/59883"}],"wp:featuredmedia":[{"embeddable":true,"href":"http:\/\/portalcatolico.net\/portal\/wp-json\/wp\/v2\/media\/59882"}],"wp:attachment":[{"href":"http:\/\/portalcatolico.net\/portal\/wp-json\/wp\/v2\/media?parent=59881"}],"wp:term":[{"taxonomy":"category","embeddable":true,"href":"http:\/\/portalcatolico.net\/portal\/wp-json\/wp\/v2\/categories?post=59881"},{"taxonomy":"post_tag","embeddable":true,"href":"http:\/\/portalcatolico.net\/portal\/wp-json\/wp\/v2\/tags?post=59881"}],"curies":[{"name":"wp","href":"https:\/\/api.w.org\/{rel}","templated":true}]}}