{"id":59876,"date":"2018-10-12T00:26:10","date_gmt":"2018-10-12T03:26:10","guid":{"rendered":"http:\/\/portalcatolico.net\/portal\/?p=59876"},"modified":"2018-10-12T09:25:46","modified_gmt":"2018-10-12T12:25:46","slug":"hoje-a-igreja-no-brasil-celebra-nossa-senhora-aparecida","status":"publish","type":"post","link":"http:\/\/portalcatolico.net\/portal\/hoje-a-igreja-no-brasil-celebra-nossa-senhora-aparecida\/","title":{"rendered":"Hoje a Igreja no Brasil celebra Nossa Senhora Aparecida"},"content":{"rendered":"<p style=\"font-weight: 400;\"><img loading=\"lazy\" decoding=\"async\" class=\"size-medium wp-image-59877 alignleft\" src=\"http:\/\/portalcatolico.net\/portal\/wp-content\/uploads\/2018\/10\/DSCN9088-225x300.jpg\" alt=\"\" width=\"225\" height=\"300\" srcset=\"http:\/\/portalcatolico.net\/portal\/wp-content\/uploads\/2018\/10\/DSCN9088-225x300.jpg 225w, http:\/\/portalcatolico.net\/portal\/wp-content\/uploads\/2018\/10\/DSCN9088.jpg 750w\" sizes=\"auto, (max-width: 225px) 100vw, 225px\" \/>A Igreja em todo o Brasil est\u00e1 em festa neste dia 12 de outubro,&nbsp;celebrando a festa dos 301 anos do achado da imagem da padroeira e&nbsp;Rainha do Brasil, a Virgem e nossa&nbsp; M\u00e3e&nbsp; Nossa Senhora da Concei\u00e7\u00e3o&nbsp;Aparecida.<\/p>\n<p>O Dia de Nossa Senhora Aparecida \u00e9 comemorado em 12 de outubro e \u00e9&nbsp;considerado feriado nacional no Brasil. Esta \u00e9 a data que homenageia a&nbsp;padroeira do pa\u00eds.<br \/>\nO Dia de Nossa Senhora Aparecida foi oficialmente institu\u00eddo a partir do&nbsp;decreto de Lei n\u00ba 6.802, de 30 de junho de 1980. Devido a import\u00e2ncia&nbsp;que esta santa possui no pa\u00eds, em 1946 foi iniciada a constru\u00e7\u00e3o de um&nbsp;santu\u00e1rio dedicado a Ela no estado de S\u00e3o Paulo. O Papa Jo\u00e3o Paulo II,&nbsp;em visita ao Brasil, em 1980, consagrou a igreja como bas\u00edlica e&nbsp;Santu\u00e1rio Nacional. Assim, o templo \u00e9 considerado o maior santu\u00e1rio&nbsp;dedicado \u00e0 Virgem Maria em todo o mundo.<\/p>\n<p>Por sua vez, o Papa Francisco, ao visitar o Brasil em 2016, elevou a&nbsp;bas\u00edlica \u00e0 catedral da Arquidiocese de Guaratinguet\u00e1.<\/p>\n<p>De acordo com a lenda, no ano de 1717, pescadores lan\u00e7aram suas redes no&nbsp;Rio Para\u00edba do Sul, com o objetivo de pescar peixes grandes para um&nbsp;jantar especial para o Conde de Assumar. Eles tentaram muito, mas n\u00e3o&nbsp;<br \/>\nestavam conseguindo pescar nada. Quando j\u00e1 estavam quase desistindo, um&nbsp;pescador chamado Jo\u00e3o Alves, apanhou uma imagem de Nossa Senhora da&nbsp;Concei\u00e7\u00e3o, primeiro o corpo e depois a cabe\u00e7a, e enrolou-a em um manto.&nbsp;<br \/>\nEm seguida, as suas redes que at\u00e9 ent\u00e3o vinhas vazias, abundavam em&nbsp;peixes.<\/p>\n<p>Dezessete anos depois do achado, foi constru\u00edda a primeira&nbsp;capela que rapidamente se tornou um ponto de peregrina\u00e7\u00e3o para os&nbsp;viajantes. Em 1868, a Princesa Isabel ofertou um manto azul e uma coroa&nbsp;cravejada de diamantes \u00e0 imagem.<\/p>\n<p style=\"font-weight: 400;\">Nossa Senhora da Concei\u00e7\u00e3o Aparecida,&nbsp;foi proclamada Rainha do Brasil e sua Padroeira Oficial em 16 de julho&nbsp;de 1930, por decreto do Papa Pio e, 50 anos depois, foi decretado&nbsp;oficialmente que o dia 12 de outubro seria feriado oficial no pa\u00eds. A&nbsp;partir da\u00ed, a devo\u00e7\u00e3o da Santa foi se espalhando. Primeiro nas casas,&nbsp;depois se construiu uma capela, depois uma bas\u00edlica, at\u00e9 chegar ao&nbsp;quarto maior santu\u00e1rio do mundo, o Santu\u00e1rio Nacional de Aparecida&nbsp;localizado na cidade de Aparecida, interior do Estado de S\u00e3o Paulo.Em 8 de setembro de 1904, a Imagem de Nossa Senhora da Concei\u00e7\u00e3o&nbsp;Aparecida foi coroada solenemente pelo ent\u00e3o Bispo de S\u00e3o Paulo, Dom&nbsp;Jos\u00e9 Camargo Barros. No dia 29 de abril de 1908, a Igreja recebeu o&nbsp;t\u00edtulo de Bas\u00edlica Menor.<\/p>\n<p style=\"font-weight: 400;\">E, em 1929, o Papa Pio XI proclamou nossa&nbsp;Senhora Rainha do Brasil e sua Padroeira Oficial.Com o aumento da devo\u00e7\u00e3o a Nossa Senhora da Concei\u00e7\u00e3o Aparecida, a&nbsp;primeira Bas\u00edlica j\u00e1 n\u00e3o dava conta do fluxo de romeiro. Foi necess\u00e1rio,&nbsp;ent\u00e3o, construir uma maior, que come\u00e7ou a ser erguida em 11 de novembro&nbsp;de 1955.<\/p>\n<p style=\"font-weight: 400;\">Em 1980, ainda em constru\u00e7\u00e3o, a Bas\u00edlica Nova foi consagrada pelo Papa&nbsp;Jo\u00e3o Paulo ll e recebeu o t\u00edtulo de Bas\u00edlica Menor. Em 1984, a&nbsp;Confer\u00eancia Nacional dos Bispos do Brasil (CNBB) declarou oficialmente a&nbsp;Bas\u00edlica de Aparecida como Santu\u00e1rio Nacional, o &#8220;maior Santu\u00e1rio&nbsp;Mariano do mundo&#8221;.<\/p>\n<p>Fotos:Acervo\/Portal Cat\u00f3lico.Net e destaque:Divulga\u00e7\u00e3o<\/p>\n","protected":false},"excerpt":{"rendered":"<p>A Igreja em todo o Brasil est\u00e1 em festa neste dia 12 de outubro,&nbsp;celebrando a festa dos 301 anos do achado da imagem da padroeira e&nbsp;Rainha do Brasil, a Virgem e nossa&nbsp; M\u00e3e&nbsp; Nossa Senhora da Concei\u00e7\u00e3o&nbsp;Aparecida. O Dia de Nossa Senhora Aparecida \u00e9 comemorado em 12 de outubro e \u00e9&nbsp;considerado feriado nacional no Brasil.&nbsp;<\/p>\n<p><a class=\"btn btn-style\" href=\"http:\/\/portalcatolico.net\/portal\/hoje-a-igreja-no-brasil-celebra-nossa-senhora-aparecida\/\">Continue Reading<\/a><\/p>\n","protected":false},"author":2,"featured_media":59890,"comment_status":"open","ping_status":"open","sticky":false,"template":"","format":"standard","meta":{"footnotes":""},"categories":[69],"tags":[],"class_list":["post-59876","post","type-post","status-publish","format-standard","has-post-thumbnail","hentry","category-artigos"],"_links":{"self":[{"href":"http:\/\/portalcatolico.net\/portal\/wp-json\/wp\/v2\/posts\/59876","targetHints":{"allow":["GET"]}}],"collection":[{"href":"http:\/\/portalcatolico.net\/portal\/wp-json\/wp\/v2\/posts"}],"about":[{"href":"http:\/\/portalcatolico.net\/portal\/wp-json\/wp\/v2\/types\/post"}],"author":[{"embeddable":true,"href":"http:\/\/portalcatolico.net\/portal\/wp-json\/wp\/v2\/users\/2"}],"replies":[{"embeddable":true,"href":"http:\/\/portalcatolico.net\/portal\/wp-json\/wp\/v2\/comments?post=59876"}],"version-history":[{"count":5,"href":"http:\/\/portalcatolico.net\/portal\/wp-json\/wp\/v2\/posts\/59876\/revisions"}],"predecessor-version":[{"id":59895,"href":"http:\/\/portalcatolico.net\/portal\/wp-json\/wp\/v2\/posts\/59876\/revisions\/59895"}],"wp:featuredmedia":[{"embeddable":true,"href":"http:\/\/portalcatolico.net\/portal\/wp-json\/wp\/v2\/media\/59890"}],"wp:attachment":[{"href":"http:\/\/portalcatolico.net\/portal\/wp-json\/wp\/v2\/media?parent=59876"}],"wp:term":[{"taxonomy":"category","embeddable":true,"href":"http:\/\/portalcatolico.net\/portal\/wp-json\/wp\/v2\/categories?post=59876"},{"taxonomy":"post_tag","embeddable":true,"href":"http:\/\/portalcatolico.net\/portal\/wp-json\/wp\/v2\/tags?post=59876"}],"curies":[{"name":"wp","href":"https:\/\/api.w.org\/{rel}","templated":true}]}}