{"id":59870,"date":"2018-10-10T18:59:08","date_gmt":"2018-10-10T21:59:08","guid":{"rendered":"http:\/\/portalcatolico.net\/portal\/?p=59870"},"modified":"2018-10-10T18:59:41","modified_gmt":"2018-10-10T21:59:41","slug":"polonia-celebra-os-36-anos-da-canonizacao-de-sao-maximiliano-kolbe","status":"publish","type":"post","link":"http:\/\/portalcatolico.net\/portal\/polonia-celebra-os-36-anos-da-canonizacao-de-sao-maximiliano-kolbe\/","title":{"rendered":"Pol\u00f4nia celebra os 36 anos da canoniza\u00e7\u00e3o de S\u00e3o Maximiliano Kolbe"},"content":{"rendered":"<p>O Bispo de Bielsko-Zywiec, Pol\u00f4nia, Dom Roman Pindel, celebrou em Oswiecim os 36 anos da canoniza\u00e7\u00e3o de S\u00e3o Maximiliano Kolbe. O Santo \u00e9 recordado pelo seu audaz emprego dos meios de comunica\u00e7\u00e3o para evangelizar e difundir a devo\u00e7\u00e3o \u00e0 Sant\u00edssima Virgem, materializada na Mil\u00edcia da Imaculada, organiza\u00e7\u00e3o devota que fundou como rea\u00e7\u00e3o \u00e0s a\u00e7\u00f5es de inimigos da Igreja.<\/p>\n<p>&#8220;S\u00e3o Maximiliano deu sua vida para salvar a unidade do matrim\u00f4nio&#8221;, recordou o prelado em sua homilia, fazendo refer\u00eancia ao seu oferecimento de substituir a um homem condenado \u00e0 morte que tinha esposa e filhos para que pudesse reencontrar-se com sua fam\u00edlia como efetivamente aconteceu. &#8220;Esta foi a l\u00f3gica da escolha quando apareceu dentre v\u00e1rios prisioneiros e declarou que queria morrer de fome no lugar de Franciszek Gajowniczek, que havia sido escolhido&#8221;.<\/p>\n<p>Este \u00faltimo testemunho de um religioso que entregou a totalidade de sua vida em favor da evangeliza\u00e7\u00e3o e a difus\u00e3o da Consagra\u00e7\u00e3o pessoal \u00e0 Sant\u00edssima Virgem \u00e9 uma express\u00e3o da sacralidade do Sacramento do Matrim\u00f4nio. &#8220;Que seja um sinal para nosso tempo&#8221;, expressou Dom Pindel. &#8220;Que ele interceda por n\u00f3s e que voltemos \u00e0 unidade e aprofundemos o amor conjugal, o amor na fam\u00edlia&#8221;.<\/p>\n<p>Os fi\u00e9is cat\u00f3licos ofereceram como obs\u00e9quio \u00e0 par\u00f3quia de S\u00e3o Maximiliano um retrato do Santo e veneraram suas rel\u00edquias de segundo grau, j\u00e1 que seu corpo foi incinerado junto aos demais prisioneiros do campo de concentra\u00e7\u00e3o. A par\u00f3quia conserva um Ros\u00e1rio de sua propriedade que foi obsequiado ao prisioneiro Wilhelm Zelazny e v\u00e1rios objetos empregados pelo sacerdote para celebrar a Eucaristia no campo de concentra\u00e7\u00e3o. S\u00e3o Maximiliano Kolbe foi beatificado em 1971 pelo Beato Papa Paulo VI e canonizado em 1982 por S\u00e3o Jo\u00e3o Paulo II. (Gaudium Press)<\/p>\n","protected":false},"excerpt":{"rendered":"<p>O Bispo de Bielsko-Zywiec, Pol\u00f4nia, Dom Roman Pindel, celebrou em Oswiecim os 36 anos da canoniza\u00e7\u00e3o de S\u00e3o Maximiliano Kolbe. O Santo \u00e9 recordado pelo seu audaz emprego dos meios de comunica\u00e7\u00e3o para evangelizar e difundir a devo\u00e7\u00e3o \u00e0 Sant\u00edssima Virgem, materializada na Mil\u00edcia da Imaculada, organiza\u00e7\u00e3o devota que fundou como rea\u00e7\u00e3o \u00e0s a\u00e7\u00f5es de&nbsp;<\/p>\n<p><a class=\"btn btn-style\" href=\"http:\/\/portalcatolico.net\/portal\/polonia-celebra-os-36-anos-da-canonizacao-de-sao-maximiliano-kolbe\/\">Continue Reading<\/a><\/p>\n","protected":false},"author":2,"featured_media":59871,"comment_status":"open","ping_status":"open","sticky":false,"template":"","format":"standard","meta":{"footnotes":""},"categories":[5],"tags":[],"class_list":["post-59870","post","type-post","status-publish","format-standard","has-post-thumbnail","hentry","category-igreja_no_mundo"],"_links":{"self":[{"href":"http:\/\/portalcatolico.net\/portal\/wp-json\/wp\/v2\/posts\/59870","targetHints":{"allow":["GET"]}}],"collection":[{"href":"http:\/\/portalcatolico.net\/portal\/wp-json\/wp\/v2\/posts"}],"about":[{"href":"http:\/\/portalcatolico.net\/portal\/wp-json\/wp\/v2\/types\/post"}],"author":[{"embeddable":true,"href":"http:\/\/portalcatolico.net\/portal\/wp-json\/wp\/v2\/users\/2"}],"replies":[{"embeddable":true,"href":"http:\/\/portalcatolico.net\/portal\/wp-json\/wp\/v2\/comments?post=59870"}],"version-history":[{"count":1,"href":"http:\/\/portalcatolico.net\/portal\/wp-json\/wp\/v2\/posts\/59870\/revisions"}],"predecessor-version":[{"id":59872,"href":"http:\/\/portalcatolico.net\/portal\/wp-json\/wp\/v2\/posts\/59870\/revisions\/59872"}],"wp:featuredmedia":[{"embeddable":true,"href":"http:\/\/portalcatolico.net\/portal\/wp-json\/wp\/v2\/media\/59871"}],"wp:attachment":[{"href":"http:\/\/portalcatolico.net\/portal\/wp-json\/wp\/v2\/media?parent=59870"}],"wp:term":[{"taxonomy":"category","embeddable":true,"href":"http:\/\/portalcatolico.net\/portal\/wp-json\/wp\/v2\/categories?post=59870"},{"taxonomy":"post_tag","embeddable":true,"href":"http:\/\/portalcatolico.net\/portal\/wp-json\/wp\/v2\/tags?post=59870"}],"curies":[{"name":"wp","href":"https:\/\/api.w.org\/{rel}","templated":true}]}}