{"id":59867,"date":"2018-10-10T18:53:08","date_gmt":"2018-10-10T21:53:08","guid":{"rendered":"http:\/\/portalcatolico.net\/portal\/?p=59867"},"modified":"2018-10-10T18:53:08","modified_gmt":"2018-10-10T21:53:08","slug":"papa-aceita-renuncia-de-dom-otacilio-luziano-da-silva-ao-governo-pastoral-da-diocese-de-catanduva-em-sao-paulo","status":"publish","type":"post","link":"http:\/\/portalcatolico.net\/portal\/papa-aceita-renuncia-de-dom-otacilio-luziano-da-silva-ao-governo-pastoral-da-diocese-de-catanduva-em-sao-paulo\/","title":{"rendered":"Papa aceita ren\u00fancia de dom Otac\u00edlio Luziano da Silva ao governo pastoral da diocese de Catanduva, em S\u00e3o Paulo"},"content":{"rendered":"<div id=\"attachment_201958\" class=\"wp-caption alignleft\" style=\"width: 165px;\"><img loading=\"lazy\" decoding=\"async\" class=\"wp-image-201958\" src=\"http:\/\/www.cnbb.org.br\/wp-content\/uploads\/sites\/32\/2018\/10\/DomEduardo_Oficial-214x300-214x300.jpg\" alt=\"\" width=\"165\" height=\"231\"><\/p>\n<p class=\"wp-caption-text\"><strong><em>Dom Eduardo, bispo em\u00e9rito de Sorocaba<\/em><\/strong><\/p>\n<\/div>\n<p>O papa Francisco acolheu, nesta quarta-feira, 10, o pedido de ren\u00fancia ao governo pastoral da diocese de Catanduva (SP) apresentado por dom Otac\u00edlio Luziano da Silva. Na mesma data, foi nomeado como administrador apost\u00f3lico, dom Eduardo Benes de Sales Rodrigues, arcebispo em\u00e9rito de Sorocaba (SP).<\/p>\n<p>Natural de Maraca\u00ed (SP), dom Otac\u00edlio nasceu em 31 de outubro de 1954. Foi ordenado em 06 de dezembro de 1987, na cidade de Assis (SP). Estudou Filosofia na Universidade Estadual de S\u00e3o Paulo (Unesp) e Teologia no Instituto Teol\u00f3gico Rainha dos Ap\u00f3stolos, ambas as institui\u00e7\u00f5es em Mar\u00edlia (SP). Dom Otac\u00edlio \u00e9 p\u00f3s-graduado em Parapsicologia.<\/p>\n<p>Antes de ser nomeado bispo, em 21 de outubro de 2009, foi vig\u00e1rio geral da diocese de Assis, reitor do Semin\u00e1rio Provincial Sagrado Cora\u00e7\u00e3o de Jesus, em Mar\u00edlia, e membro do Conselho de Presb\u00edteros e do Col\u00e9gio dos Consultores da diocese de Assis por duas vezes.<\/p>\n<p><img loading=\"lazy\" decoding=\"async\" class=\" wp-image-201959 alignright\" src=\"http:\/\/www.cnbb.org.br\/wp-content\/uploads\/sites\/32\/2018\/10\/Dom-Otacilio-entrevista-300x175.png\" srcset=\"http:\/\/www.cnbb.org.br\/wp-content\/uploads\/sites\/32\/2018\/10\/Dom-Otacilio-entrevista-300x175.png 300w, http:\/\/www.cnbb.org.br\/wp-content\/uploads\/sites\/32\/2018\/10\/Dom-Otacilio-entrevista.png 640w\" alt=\"\" width=\"279\" height=\"163\">Bispo de Catanduva desde 17 de janeiro de 2010, dom Otac\u00edlio escolheu como lema \u201cRevesti-vos da caridade\u201d. Em sua trajet\u00f3ria como pastor, foi respons\u00e1vel pela Pastoral Carcer\u00e1ria entre 2014 e 2016.<\/p>\n<p>Em nota assinada pelo bispo auxiliar de Bras\u00edlia e secret\u00e1rio-geral da CNBB, dom Leonardo Ulrich Steiner, a Confer\u00eancia Nacional dos Bispos do Brasil (CNBB) manifestou gratid\u00e3o a dom Otac\u00edlio e preces por uma \u201cserena emeritude\u201d.<\/p>\n<p>Leia na \u00edntegra:<\/p>\n<h3><strong>Nota de agradecimento da CNBB a dom Otac\u00edlio Luziano da Silva<\/strong><\/h3>\n<p>Bras\u00edlia, 10 de outubro de 2018<\/p>\n<p><em>Prezado Irm\u00e3o, dom Otac\u00edlio Luziano da Silva.<\/em><\/p>\n<p><em>A Confer\u00eancia Nacional dos Bispos do Brasil (CNBB) recebeu na manh\u00e3 desta quarta-feira, 10 de outubro, a not\u00edcia de que o Santo Padre, Papa Francisco, acolheu o seu pedido de ren\u00fancia ao governo pastoral da Diocese de Catanduva (SP). Neste momento, trazemos nossa palavra de gratid\u00e3o ao senhor e as nossas preces por uma serena emeritude.<\/em><\/p>\n<p><em>Lembramos uma palavra do Papa Francisco, pronunciada na ora\u00e7\u00e3o do \u00c2ngelus, em dezembro do ano passado, referindo-se a Deus Pai:&nbsp;\u201cEle, de fato, \u00e9 muito generoso conosco, e n\u00f3s somos enviados a reconhecer sempre seus benef\u00edcios, o seu amor misericordioso, a sua paci\u00eancia e bondade, vivendo assim em um incessante agradecimento\u201d.<\/em><\/p>\n<p><em>Seu lema episcopal tamb\u00e9m nos inspira: \u201cRevesti-vos da caridade\u201d. Na mensagem do Ap\u00f3stolo Paulo presente na Carta aos Colossenses encontramos essa express\u00e3o chamando \u00e0 uni\u00e3o, na perfei\u00e7\u00e3o, com a seguinte continua\u00e7\u00e3o: \u201cReine em vossos cora\u00e7\u00f5es a paz de Cristo, para a qual tamb\u00e9m fostes chamados em um s\u00f3 corpo. E sede agradecidos\u201d (Cl 3,15).<\/em><\/p>\n<p><em>Nosso abra\u00e7o fraterno.<\/em><\/p>\n<p><em>Em Cristo,<\/em><\/p>\n<p>&nbsp;<\/p>\n<p><strong>Dom Leonardo Ulrich Steiner<br \/>\n<\/strong>Bispo Auxiliar de Bras\u00edlia<br \/>\nSecret\u00e1rio-Geral da CNBB<\/p>\n<p>Informa\u00e7\u00f5es do site oficial da CNBB<\/p>\n","protected":false},"excerpt":{"rendered":"<p>Dom Eduardo, bispo em\u00e9rito de Sorocaba O papa Francisco acolheu, nesta quarta-feira, 10, o pedido de ren\u00fancia ao governo pastoral da diocese de Catanduva (SP) apresentado por dom Otac\u00edlio Luziano da Silva. Na mesma data, foi nomeado como administrador apost\u00f3lico, dom Eduardo Benes de Sales Rodrigues, arcebispo em\u00e9rito de Sorocaba (SP). Natural de Maraca\u00ed (SP),&nbsp;<\/p>\n<p><a class=\"btn btn-style\" href=\"http:\/\/portalcatolico.net\/portal\/papa-aceita-renuncia-de-dom-otacilio-luziano-da-silva-ao-governo-pastoral-da-diocese-de-catanduva-em-sao-paulo\/\">Continue Reading<\/a><\/p>\n","protected":false},"author":2,"featured_media":59868,"comment_status":"open","ping_status":"open","sticky":false,"template":"","format":"standard","meta":{"footnotes":""},"categories":[3],"tags":[],"class_list":["post-59867","post","type-post","status-publish","format-standard","has-post-thumbnail","hentry","category-noticias_regionais"],"_links":{"self":[{"href":"http:\/\/portalcatolico.net\/portal\/wp-json\/wp\/v2\/posts\/59867","targetHints":{"allow":["GET"]}}],"collection":[{"href":"http:\/\/portalcatolico.net\/portal\/wp-json\/wp\/v2\/posts"}],"about":[{"href":"http:\/\/portalcatolico.net\/portal\/wp-json\/wp\/v2\/types\/post"}],"author":[{"embeddable":true,"href":"http:\/\/portalcatolico.net\/portal\/wp-json\/wp\/v2\/users\/2"}],"replies":[{"embeddable":true,"href":"http:\/\/portalcatolico.net\/portal\/wp-json\/wp\/v2\/comments?post=59867"}],"version-history":[{"count":1,"href":"http:\/\/portalcatolico.net\/portal\/wp-json\/wp\/v2\/posts\/59867\/revisions"}],"predecessor-version":[{"id":59869,"href":"http:\/\/portalcatolico.net\/portal\/wp-json\/wp\/v2\/posts\/59867\/revisions\/59869"}],"wp:featuredmedia":[{"embeddable":true,"href":"http:\/\/portalcatolico.net\/portal\/wp-json\/wp\/v2\/media\/59868"}],"wp:attachment":[{"href":"http:\/\/portalcatolico.net\/portal\/wp-json\/wp\/v2\/media?parent=59867"}],"wp:term":[{"taxonomy":"category","embeddable":true,"href":"http:\/\/portalcatolico.net\/portal\/wp-json\/wp\/v2\/categories?post=59867"},{"taxonomy":"post_tag","embeddable":true,"href":"http:\/\/portalcatolico.net\/portal\/wp-json\/wp\/v2\/tags?post=59867"}],"curies":[{"name":"wp","href":"https:\/\/api.w.org\/{rel}","templated":true}]}}