{"id":59859,"date":"2018-10-09T23:51:21","date_gmt":"2018-10-10T02:51:21","guid":{"rendered":"http:\/\/portalcatolico.net\/portal\/?p=59859"},"modified":"2018-10-09T23:56:35","modified_gmt":"2018-10-10T02:56:35","slug":"continua-o-novenario-de-nossa-senhora-aparecida-em-itabuna","status":"publish","type":"post","link":"http:\/\/portalcatolico.net\/portal\/continua-o-novenario-de-nossa-senhora-aparecida-em-itabuna\/","title":{"rendered":"Continua o Noven\u00e1rio de Nossa Senhora Aparecida em Itabuna"},"content":{"rendered":"<p><img loading=\"lazy\" decoding=\"async\" class=\"wp-image-59860 aligncenter\" src=\"http:\/\/portalcatolico.net\/portal\/wp-content\/uploads\/2018\/10\/IMG_0234-300x200.jpg\" alt=\"\" width=\"825\" height=\"550\" srcset=\"http:\/\/portalcatolico.net\/portal\/wp-content\/uploads\/2018\/10\/IMG_0234-300x200.jpg 300w, http:\/\/portalcatolico.net\/portal\/wp-content\/uploads\/2018\/10\/IMG_0234-768x512.jpg 768w, http:\/\/portalcatolico.net\/portal\/wp-content\/uploads\/2018\/10\/IMG_0234.jpg 1000w\" sizes=\"auto, (max-width: 825px) 100vw, 825px\" \/>A Par\u00f3quia Nossa Senhora Aparecida, localizada na pra\u00e7a do bairro&nbsp;&nbsp;Calif\u00f3rnia, celebra a festa de sua Padroeira. A festa, que ter\u00e1 uma&nbsp;programa\u00e7\u00e3o religiosa que se inicia no dia 03&nbsp; e segue at\u00e9 esta&nbsp;quinta-feira,11 de outubro.<br \/>\nNo Dia da Padroeira, sexta-feira,12\/10, feriado Nacional as missas ser\u00e3o celebrada \u00e0s 7h, para os devotos e \u00e1s 17,tendo em seguida a prociss\u00e3o pelas ruas do bairro.<br \/>\nAl\u00e9m da programa\u00e7\u00e3o religiosa, durante todo o dia da festa os fi\u00e9is&nbsp;podem saborear comidas t\u00edpicas nas barracas, al\u00e9m de som ao vivo, entre&nbsp;outros momentos de evangeliza\u00e7\u00e3o.<br \/>\nNesta ter\u00e7a-feira, 09\/10, \u00e0s 19h a santa missa foi presidida pelo Padre&nbsp;Passionista e p\u00e1roco da par\u00f3quia Santa Maria Goretti Pe. Martins Alves e&nbsp;para refletir o subtema da 7\u00aa noite, que foi: &#8220;A M\u00e3e aparecida nos convida a&nbsp;reassumir-nos a nossa voca\u00e7\u00e3o de leigos e leigas na Igreja&#8221;, refletido pelo Padre&nbsp;Gilvan Oliveira, p\u00e1roco da Par\u00f3quia Catedral de S\u00e3o Jos\u00e9 e concelebra\u00e7\u00e3o o&nbsp;do Pe. Ezequias&nbsp;Gon\u00e7alves. Na oportunidade, ele disse: &#8220;Nossa Senhora Aparecida \u00e9 a mesma Virgem Maria, amada pelos crist\u00e3os, \u00e0quela que foi a primeira disc\u00edpula, o fiel exemplo de seguidora de Jesus., \u00e0quela que viveu em sua vida o projeto de Deus!&#8221;.<\/p>\n<p style=\"text-align: left;\">A Par\u00f3quia recebe diversos padres convidados da Diocese, que&nbsp;celebram as missas e refletem os temas da noite, al\u00e9m de devotos&nbsp; e&nbsp;paroquianos de v\u00e1rias par\u00f3quias de Itabuna e de cidades circunvizinhas. At\u00e9 o dia 11, v\u00e9spera da festa da santa, s\u00e3o esperados &nbsp;mais de dez mil fieis&nbsp;cat\u00f3licos.<br \/>\nO Noven\u00e1rio tem como tema central: &#8220;M\u00e3e Aparecida, ensina-nos a&nbsp;viver nossa miss\u00e3o de crist\u00e3os leigos e leigas na igreja e na&nbsp;sociedade&#8221;. E o lema \u00e9:&#8221;Sal da terra e luz do mundo&#8221;.(MT&nbsp;5,13).Tradicionalmente, o evento ser\u00e1 composto de alvoradas, ora\u00e7\u00f5es,&nbsp;missas , prociss\u00f5es, quermesses, entre&nbsp;outros momentos de evangeliza\u00e7\u00e3o.&nbsp;<\/p>\n<p><strong>&nbsp; &nbsp; &nbsp; &nbsp; &nbsp; &nbsp; &nbsp; &nbsp; &nbsp; &nbsp; &nbsp; &nbsp; &nbsp; &nbsp; &nbsp; &nbsp; &nbsp; &nbsp; &nbsp; &nbsp; &nbsp; &nbsp; &nbsp; &nbsp; &nbsp; &nbsp; &nbsp; &nbsp; &nbsp; &nbsp; &nbsp; &nbsp; &nbsp; &nbsp; &nbsp; &nbsp; &nbsp; &nbsp; &nbsp; &nbsp; &nbsp; &nbsp;Confira a programa\u00e7\u00e3o:<\/strong><\/p>\n<p><strong>10\/10 (Quarta-feira) 19h<\/strong><br \/>\nSubtema da 8\u00aa noite: &#8220;Como M\u00e3e Aparecida aprendemos a viver o laicato&nbsp;<br \/>\naut\u00eanticos Crist\u00e3os&#8221;<br \/>\nHomenageados: S\u00e3o Francisco, CRB e liturgia.<br \/>\nDedicados: Professores da Rede P\u00fablica e Particular, alunos e&nbsp;funcion\u00e1rios da sa\u00fade, par\u00f3quia Santa Maria Madalena, Pol\u00edcia Militar e&nbsp;Par\u00f3quia Nossa Senhora da Concei\u00e7\u00e3o do Bairro Ferradas.<br \/>\nRespons\u00e1veis: Professores e agentes de Sa\u00fade e Policiais Militares da&nbsp;par\u00f3quia Oferta: Feij\u00e3o Ben\u00e7\u00e3o: Todos s\u00e3o homenageados<\/p>\n<p><strong>11\/11 ( Quinta-feira) 19h<\/strong><br \/>\nSubtema da 9\u00aa noite: &#8220;M\u00e3e Aparecida exemplo de Igreja em sa\u00edda.&#8221;&nbsp;<br \/>\nHomenageados: minist\u00e9rio da m\u00fasica, acolhida, Comunidade de Alian\u00e7a&nbsp;Filhos de Israel e Grupo de Teatro.<br \/>\nDedicados: Par\u00f3quia Senhor do Bonfim, todos os leigos e leigas da&nbsp;par\u00f3quia Respons\u00e1veis: Grupo de teatro, filhos de Israel e os m\u00fasicos.<br \/>\nOferta: Dinheiro (esp\u00e9cie)<br \/>\nB\u00ean\u00e7\u00e3o: Leigos e leigas<\/p>\n<p><strong>12 de outubro, dia festivo<\/strong><br \/>\n06h Santo Oficio<br \/>\n07h missa dos devotos<br \/>\n10h batizados<br \/>\n12h alvorada<br \/>\n17h missa solene e ser\u00e1 presidida pelo bispo diocesano, Dom Carlos&nbsp;Alberto dos Santos e padres convidados em seguida prociss\u00e3o com a Imagem&nbsp;da Santa pelas principais ruas e avenidas do bairro.<br \/>\nRespons\u00e1vel pela par\u00f3quia: Pe. Ezequias Gon\u00e7alves.<\/p>\n<p>Texto e fotos:Portal Cat\u00f3lico.Net<\/p>\n<p>\u00c1lbuns de fotos.<a href=\"http:\/\/portalcatolico.net\/portal\/7a-noite-da-novena-de-nossa-senhora-aparecida\/\"><strong>CLIQUE AQUI<\/strong><\/a><\/p>\n<p style=\"font-weight: 400;\">&nbsp;<\/p>\n","protected":false},"excerpt":{"rendered":"<p>A Par\u00f3quia Nossa Senhora Aparecida, localizada na pra\u00e7a do bairro&nbsp;&nbsp;Calif\u00f3rnia, celebra a festa de sua Padroeira. A festa, que ter\u00e1 uma&nbsp;programa\u00e7\u00e3o religiosa que se inicia no dia 03&nbsp; e segue at\u00e9 esta&nbsp;quinta-feira,11 de outubro. No Dia da Padroeira, sexta-feira,12\/10, feriado Nacional as missas ser\u00e3o celebrada \u00e0s 7h, para os devotos e \u00e1s 17,tendo em seguida&nbsp;<\/p>\n<p><a class=\"btn btn-style\" href=\"http:\/\/portalcatolico.net\/portal\/continua-o-novenario-de-nossa-senhora-aparecida-em-itabuna\/\">Continue Reading<\/a><\/p>\n","protected":false},"author":2,"featured_media":59865,"comment_status":"open","ping_status":"open","sticky":false,"template":"","format":"standard","meta":{"footnotes":""},"categories":[68],"tags":[],"class_list":["post-59859","post","type-post","status-publish","format-standard","has-post-thumbnail","hentry","category-homilias"],"_links":{"self":[{"href":"http:\/\/portalcatolico.net\/portal\/wp-json\/wp\/v2\/posts\/59859","targetHints":{"allow":["GET"]}}],"collection":[{"href":"http:\/\/portalcatolico.net\/portal\/wp-json\/wp\/v2\/posts"}],"about":[{"href":"http:\/\/portalcatolico.net\/portal\/wp-json\/wp\/v2\/types\/post"}],"author":[{"embeddable":true,"href":"http:\/\/portalcatolico.net\/portal\/wp-json\/wp\/v2\/users\/2"}],"replies":[{"embeddable":true,"href":"http:\/\/portalcatolico.net\/portal\/wp-json\/wp\/v2\/comments?post=59859"}],"version-history":[{"count":5,"href":"http:\/\/portalcatolico.net\/portal\/wp-json\/wp\/v2\/posts\/59859\/revisions"}],"predecessor-version":[{"id":59866,"href":"http:\/\/portalcatolico.net\/portal\/wp-json\/wp\/v2\/posts\/59859\/revisions\/59866"}],"wp:featuredmedia":[{"embeddable":true,"href":"http:\/\/portalcatolico.net\/portal\/wp-json\/wp\/v2\/media\/59865"}],"wp:attachment":[{"href":"http:\/\/portalcatolico.net\/portal\/wp-json\/wp\/v2\/media?parent=59859"}],"wp:term":[{"taxonomy":"category","embeddable":true,"href":"http:\/\/portalcatolico.net\/portal\/wp-json\/wp\/v2\/categories?post=59859"},{"taxonomy":"post_tag","embeddable":true,"href":"http:\/\/portalcatolico.net\/portal\/wp-json\/wp\/v2\/tags?post=59859"}],"curies":[{"name":"wp","href":"https:\/\/api.w.org\/{rel}","templated":true}]}}