{"id":59763,"date":"2018-10-09T23:11:35","date_gmt":"2018-10-10T02:11:35","guid":{"rendered":"http:\/\/portalcatolico.net\/portal\/?p=59763"},"modified":"2018-10-09T23:11:35","modified_gmt":"2018-10-10T02:11:35","slug":"paroquia-em-coaraci-realiza-triduo-de-nossa-senhora-aparecida","status":"publish","type":"post","link":"http:\/\/portalcatolico.net\/portal\/paroquia-em-coaraci-realiza-triduo-de-nossa-senhora-aparecida\/","title":{"rendered":"Par\u00f3quia em Coaraci realiza Tr\u00edduo de Nossa Senhora Aparecida"},"content":{"rendered":"<p style=\"font-weight: 400;\">A par\u00f3quia Nossa Senhora de Lourdes, na cidade de Coaraci (BA), convida&nbsp;voc\u00ea e sua fam\u00edlia para participar do Tr\u00edduo de Nossa Senhora Aparecida,&nbsp;\u00e0s 19h, na capela dedicada a Nossa Senhora Aparecida, que fica&nbsp;situada no bairro Maria Gabriela.<\/p>\n<p style=\"font-weight: 400;\">O tema a ser refletido durante o&nbsp;Tr\u00edduo&nbsp;de 9 a 12 de outubro \u00e9: &#8220;Crist\u00e3os leigos e leigas, sujeito na&nbsp;Igreja em sa\u00edda a servi\u00e7o do Reino. Sal da terra e luz do mundo&#8221;.<br \/>\nA igreja matriz Nossa Senhora de Lourdes comp\u00f5e a Diocese de Ilh\u00e9us e&nbsp;tem como padre respons\u00e1vel, o p\u00e1roco Edinilson Vivas&nbsp;Batista.<\/p>\n<p style=\"font-weight: 400;\">Participe!<\/p>\n","protected":false},"excerpt":{"rendered":"<p>A par\u00f3quia Nossa Senhora de Lourdes, na cidade de Coaraci (BA), convida&nbsp;voc\u00ea e sua fam\u00edlia para participar do Tr\u00edduo de Nossa Senhora Aparecida,&nbsp;\u00e0s 19h, na capela dedicada a Nossa Senhora Aparecida, que fica&nbsp;situada no bairro Maria Gabriela. O tema a ser refletido durante o&nbsp;Tr\u00edduo&nbsp;de 9 a 12 de outubro \u00e9: &#8220;Crist\u00e3os leigos e leigas, sujeito&nbsp;<\/p>\n<p><a class=\"btn btn-style\" href=\"http:\/\/portalcatolico.net\/portal\/paroquia-em-coaraci-realiza-triduo-de-nossa-senhora-aparecida\/\">Continue Reading<\/a><\/p>\n","protected":false},"author":2,"featured_media":59764,"comment_status":"open","ping_status":"open","sticky":false,"template":"","format":"standard","meta":{"footnotes":""},"categories":[1],"tags":[],"class_list":["post-59763","post","type-post","status-publish","format-standard","has-post-thumbnail","hentry","category-agenda"],"_links":{"self":[{"href":"http:\/\/portalcatolico.net\/portal\/wp-json\/wp\/v2\/posts\/59763","targetHints":{"allow":["GET"]}}],"collection":[{"href":"http:\/\/portalcatolico.net\/portal\/wp-json\/wp\/v2\/posts"}],"about":[{"href":"http:\/\/portalcatolico.net\/portal\/wp-json\/wp\/v2\/types\/post"}],"author":[{"embeddable":true,"href":"http:\/\/portalcatolico.net\/portal\/wp-json\/wp\/v2\/users\/2"}],"replies":[{"embeddable":true,"href":"http:\/\/portalcatolico.net\/portal\/wp-json\/wp\/v2\/comments?post=59763"}],"version-history":[{"count":1,"href":"http:\/\/portalcatolico.net\/portal\/wp-json\/wp\/v2\/posts\/59763\/revisions"}],"predecessor-version":[{"id":59765,"href":"http:\/\/portalcatolico.net\/portal\/wp-json\/wp\/v2\/posts\/59763\/revisions\/59765"}],"wp:featuredmedia":[{"embeddable":true,"href":"http:\/\/portalcatolico.net\/portal\/wp-json\/wp\/v2\/media\/59764"}],"wp:attachment":[{"href":"http:\/\/portalcatolico.net\/portal\/wp-json\/wp\/v2\/media?parent=59763"}],"wp:term":[{"taxonomy":"category","embeddable":true,"href":"http:\/\/portalcatolico.net\/portal\/wp-json\/wp\/v2\/categories?post=59763"},{"taxonomy":"post_tag","embeddable":true,"href":"http:\/\/portalcatolico.net\/portal\/wp-json\/wp\/v2\/tags?post=59763"}],"curies":[{"name":"wp","href":"https:\/\/api.w.org\/{rel}","templated":true}]}}