{"id":59760,"date":"2018-10-09T06:26:01","date_gmt":"2018-10-09T09:26:01","guid":{"rendered":"http:\/\/portalcatolico.net\/portal\/?p=59760"},"modified":"2018-10-09T06:26:01","modified_gmt":"2018-10-09T09:26:01","slug":"dom-vilsom-se-a-igreja-nao-abre-espaco-para-a-juventude-nao-sera-uma-igreja-em-saida","status":"publish","type":"post","link":"http:\/\/portalcatolico.net\/portal\/dom-vilsom-se-a-igreja-nao-abre-espaco-para-a-juventude-nao-sera-uma-igreja-em-saida\/","title":{"rendered":"Dom Vilsom: Se a Igreja n\u00e3o abre espa\u00e7o para a juventude, n\u00e3o ser\u00e1 uma Igreja em sa\u00edda"},"content":{"rendered":"<div class=\"title__separator\">\u201cSe a Igreja n\u00e3o abre espa\u00e7o para a juventude, ela n\u00e3o ser\u00e1 uma Igreja em sa\u00edda.\u201d Palavras de&nbsp;<b>Dom Vilsom Basso<\/b>, bispo de Imperatriz (MA), que fez seu pronunciamento perante os padres sinodais na \u00faltima quinta-feira, 4 de outubro.<\/div>\n<div class=\"article__text\">\n<p>Ao Vatican News, Dom Vilsom falou do tema abordado:<\/p>\n<p><i>Eu procurei trazer da experi\u00eancia de vida que tive a vida toda como mission\u00e1rio no Brasil, no Maranh\u00e3o, nas Filipinas e agora como Bispo de Imperatriz na regi\u00e3o pr\u00e9-amaz\u00f4nica e trazer a experi\u00eancia de miss\u00f5es jovens que acontecem no Maranh\u00e3o e em toda a Amaz\u00f4nia e em todo o pa\u00eds. O protagonismo juvenil, jovem evangelizando jovem. A miss\u00e3o jovem como espa\u00e7o de discernimento vocacional. Se a Igreja n\u00e3o abre espa\u00e7o para a juventude, ela n\u00e3o ser\u00e1 uma Igreja em sa\u00edda.<\/i><\/p>\n<p>Para Dom Vilsom, este S\u00ednodo est\u00e1 interligado seja com o S\u00ednodo precedente, da fam\u00edlia, seja com o pr\u00f3ximo, sobre a Amaz\u00f4nia.<\/p>\n<p>Assista o depoimento de dom Vilson:<\/p>\n<p><a href=\"https:\/\/www.vaticannews.va\/pt\/vaticano\/news\/2018-10\/sinodo-jovens-2018-entrevista-dom-vilsom-basso.html#play\">https:\/\/www.vaticannews.va\/pt\/vaticano\/news\/2018-10\/sinodo-jovens-2018-entrevista-dom-vilsom-basso.html#play<\/a><\/p>\n<p>Fonte:CNBB<\/p>\n<\/div>\n","protected":false},"excerpt":{"rendered":"<p>\u201cSe a Igreja n\u00e3o abre espa\u00e7o para a juventude, ela n\u00e3o ser\u00e1 uma Igreja em sa\u00edda.\u201d Palavras de&nbsp;Dom Vilsom Basso, bispo de Imperatriz (MA), que fez seu pronunciamento perante os padres sinodais na \u00faltima quinta-feira, 4 de outubro. Ao Vatican News, Dom Vilsom falou do tema abordado: Eu procurei trazer da experi\u00eancia de vida que&nbsp;<\/p>\n<p><a class=\"btn btn-style\" href=\"http:\/\/portalcatolico.net\/portal\/dom-vilsom-se-a-igreja-nao-abre-espaco-para-a-juventude-nao-sera-uma-igreja-em-saida\/\">Continue Reading<\/a><\/p>\n","protected":false},"author":2,"featured_media":59761,"comment_status":"open","ping_status":"open","sticky":false,"template":"","format":"standard","meta":{"footnotes":""},"categories":[65],"tags":[],"class_list":["post-59760","post","type-post","status-publish","format-standard","has-post-thumbnail","hentry","category-entrevistas"],"_links":{"self":[{"href":"http:\/\/portalcatolico.net\/portal\/wp-json\/wp\/v2\/posts\/59760","targetHints":{"allow":["GET"]}}],"collection":[{"href":"http:\/\/portalcatolico.net\/portal\/wp-json\/wp\/v2\/posts"}],"about":[{"href":"http:\/\/portalcatolico.net\/portal\/wp-json\/wp\/v2\/types\/post"}],"author":[{"embeddable":true,"href":"http:\/\/portalcatolico.net\/portal\/wp-json\/wp\/v2\/users\/2"}],"replies":[{"embeddable":true,"href":"http:\/\/portalcatolico.net\/portal\/wp-json\/wp\/v2\/comments?post=59760"}],"version-history":[{"count":1,"href":"http:\/\/portalcatolico.net\/portal\/wp-json\/wp\/v2\/posts\/59760\/revisions"}],"predecessor-version":[{"id":59762,"href":"http:\/\/portalcatolico.net\/portal\/wp-json\/wp\/v2\/posts\/59760\/revisions\/59762"}],"wp:featuredmedia":[{"embeddable":true,"href":"http:\/\/portalcatolico.net\/portal\/wp-json\/wp\/v2\/media\/59761"}],"wp:attachment":[{"href":"http:\/\/portalcatolico.net\/portal\/wp-json\/wp\/v2\/media?parent=59760"}],"wp:term":[{"taxonomy":"category","embeddable":true,"href":"http:\/\/portalcatolico.net\/portal\/wp-json\/wp\/v2\/categories?post=59760"},{"taxonomy":"post_tag","embeddable":true,"href":"http:\/\/portalcatolico.net\/portal\/wp-json\/wp\/v2\/tags?post=59760"}],"curies":[{"name":"wp","href":"https:\/\/api.w.org\/{rel}","templated":true}]}}