{"id":59757,"date":"2018-10-09T06:11:53","date_gmt":"2018-10-09T09:11:53","guid":{"rendered":"http:\/\/portalcatolico.net\/portal\/?p=59757"},"modified":"2018-10-09T06:11:53","modified_gmt":"2018-10-09T09:11:53","slug":"triduo-em-homenagem-a-nossa-senhora-aparecida-acontece-em-itabuna","status":"publish","type":"post","link":"http:\/\/portalcatolico.net\/portal\/triduo-em-homenagem-a-nossa-senhora-aparecida-acontece-em-itabuna\/","title":{"rendered":"Tr\u00edduo em homenagem a Nossa Senhora Aparecida acontece em Itabuna"},"content":{"rendered":"<p style=\"font-weight: 400;\">A Par\u00f3quia de Nossa Senhora da Piedade, os Frades Servitanos e&nbsp;os Servo do Senhor do bairro Maria Pinheiro, na cidade e&nbsp;Diocese de&nbsp; Itabuna no sul da Bahia, est\u00e3o homenageando&nbsp; Nossa Senhora&nbsp;da Concei\u00e7\u00e3o Aparecida em uma das suas comunidades, que fica situada no&nbsp;bairro Pedro Jer\u00f4nimo.<br \/>\nA abertura do Tr\u00edduo tem in\u00edcio nesta ter\u00e7a-feira, 09, e segue&nbsp;at\u00e9 o dia 12 de outubro, com missa todas as noites, \u00e0s 19h,na&nbsp;capela de Nossa Senhora da Concei\u00e7\u00e3o Aparecida.&nbsp;<\/p>\n<p style=\"font-weight: 400;\">A programa\u00e7\u00e3o ser\u00e1&nbsp;composta de confiss\u00f5es, missas, batizados,&nbsp; oficio de Nossa Senhora,&nbsp;prociss\u00e3o,entre outros momentos de evangeliza\u00e7\u00e3o.<br \/>\nO tema da festa \u00e9: &#8220;Em Jesus com Maria restauramos a vida&#8221;.<br \/>\nNo dia 12, grande dia festivo, a igreja ficar\u00e1 aberta o dia todo para os&nbsp;visitantes e devotos.<br \/>\n\u00c0s 6h, acontecer\u00e1 a alvorada; \u00e0s 6h30 tem o of\u00edcio de Nossa Senhora e caf\u00e9&nbsp;partilhado. \u00c0s 09h,celebra\u00e7\u00e3o para as crian\u00e7as da catequese. J\u00e1 \u00e0s 11h, acontecem os&nbsp;batizados. Por volta das18h acontecer\u00e1 a prociss\u00e3o pelas ruas do bairro e \u00e0s 19h, a&nbsp;missa festiva.<\/p>\n<p style=\"font-weight: 400;\">Participe!<\/p>\n<p>Foto:Divulga\u00e7\u00e3o<\/p>\n<p>Texto:Portal Cat\u00f3lico.Net<\/p>\n","protected":false},"excerpt":{"rendered":"<p>A Par\u00f3quia de Nossa Senhora da Piedade, os Frades Servitanos e&nbsp;os Servo do Senhor do bairro Maria Pinheiro, na cidade e&nbsp;Diocese de&nbsp; Itabuna no sul da Bahia, est\u00e3o homenageando&nbsp; Nossa Senhora&nbsp;da Concei\u00e7\u00e3o Aparecida em uma das suas comunidades, que fica situada no&nbsp;bairro Pedro Jer\u00f4nimo. A abertura do Tr\u00edduo tem in\u00edcio nesta ter\u00e7a-feira, 09, e segue&nbsp;at\u00e9&nbsp;<\/p>\n<p><a class=\"btn btn-style\" href=\"http:\/\/portalcatolico.net\/portal\/triduo-em-homenagem-a-nossa-senhora-aparecida-acontece-em-itabuna\/\">Continue Reading<\/a><\/p>\n","protected":false},"author":2,"featured_media":59758,"comment_status":"open","ping_status":"open","sticky":false,"template":"","format":"standard","meta":{"footnotes":""},"categories":[1],"tags":[],"class_list":["post-59757","post","type-post","status-publish","format-standard","has-post-thumbnail","hentry","category-agenda"],"_links":{"self":[{"href":"http:\/\/portalcatolico.net\/portal\/wp-json\/wp\/v2\/posts\/59757","targetHints":{"allow":["GET"]}}],"collection":[{"href":"http:\/\/portalcatolico.net\/portal\/wp-json\/wp\/v2\/posts"}],"about":[{"href":"http:\/\/portalcatolico.net\/portal\/wp-json\/wp\/v2\/types\/post"}],"author":[{"embeddable":true,"href":"http:\/\/portalcatolico.net\/portal\/wp-json\/wp\/v2\/users\/2"}],"replies":[{"embeddable":true,"href":"http:\/\/portalcatolico.net\/portal\/wp-json\/wp\/v2\/comments?post=59757"}],"version-history":[{"count":1,"href":"http:\/\/portalcatolico.net\/portal\/wp-json\/wp\/v2\/posts\/59757\/revisions"}],"predecessor-version":[{"id":59759,"href":"http:\/\/portalcatolico.net\/portal\/wp-json\/wp\/v2\/posts\/59757\/revisions\/59759"}],"wp:featuredmedia":[{"embeddable":true,"href":"http:\/\/portalcatolico.net\/portal\/wp-json\/wp\/v2\/media\/59758"}],"wp:attachment":[{"href":"http:\/\/portalcatolico.net\/portal\/wp-json\/wp\/v2\/media?parent=59757"}],"wp:term":[{"taxonomy":"category","embeddable":true,"href":"http:\/\/portalcatolico.net\/portal\/wp-json\/wp\/v2\/categories?post=59757"},{"taxonomy":"post_tag","embeddable":true,"href":"http:\/\/portalcatolico.net\/portal\/wp-json\/wp\/v2\/tags?post=59757"}],"curies":[{"name":"wp","href":"https:\/\/api.w.org\/{rel}","templated":true}]}}