{"id":59754,"date":"2018-10-09T00:04:11","date_gmt":"2018-10-09T03:04:11","guid":{"rendered":"http:\/\/portalcatolico.net\/portal\/?p=59754"},"modified":"2018-10-08T21:56:13","modified_gmt":"2018-10-09T00:56:13","slug":"osid-e-beneficiada-pela-campanha-lacre-do-bem","status":"publish","type":"post","link":"http:\/\/portalcatolico.net\/portal\/osid-e-beneficiada-pela-campanha-lacre-do-bem\/","title":{"rendered":"OSID \u00e9 beneficiada pela campanha Lacre do Bem"},"content":{"rendered":"<p>As Obras Sociais Irm\u00e3 Dulce (OSID) foram beneficiadas pela campanha Lacre do Bem, que ficou conhecida nacionalmente por trocar lacres de latinhas de alum\u00ednio por cadeiras de rodas, contemplando centenas de pessoas carentes e entidades filantr\u00f3picas em todo o pa\u00eds. A indica\u00e7\u00e3o da institui\u00e7\u00e3o do Anjo Bom para receber uma cadeira de rodas foi feita pelo Senac &#8211; Servi\u00e7o Nacional de Aprendizagem Comercial, que h\u00e1 dois anos \u00e9 parceiro do projeto e conta com pontos de coleta de lacres em suas unidades. Para cada cadeira de rodas s\u00e3o necess\u00e1rios aproximadamente 350 mil lacres, o equivalente a 140 garrafas pets de dois litros cheias das pequenas argolas de alum\u00ednio. Quem quiser contribuir pode obter mais informa\u00e7\u00f5es sobre a campanha e os pontos de coleta de lacres pelo site lacredobem.com.br.<\/p>\n<p><img decoding=\"async\" class=\"alignleft\" src=\"https:\/\/www.irmadulce.org.br\/files\/Uploads\/\/20131026002643558803o.jpg\" alt=\"\">A campanha Lacre do Bem consiste em arrecadar lacres de latinhas de alum\u00ednio para vender a ind\u00fastrias de reciclagem e com o dinheiro obtido comprar cadeiras de rodas para serem doadas a pessoas, creches e outras institui\u00e7\u00f5es que cuidam de crian\u00e7as com paralisia cerebral ou com mobilidade reduzida. O projeto foi criado em 2013 pela mineira Julia Macedo (foto), que com apenas 9 anos de idade come\u00e7ou a juntar lacres depois de visitar uma creche que cuida de crian\u00e7as com paralisia cerebral, na cidade de Belo Horizonte, para fazer uma doa\u00e7\u00e3o. A visita despertou na garota a vontade de ajudar tamb\u00e9m outras entidades, e assim ela come\u00e7ou a mobilizar familiares, amigos, colegas e professores da escola nessa miss\u00e3o de fazer o bem. Em setembro, a campanha Lacre do Bem contabilizou a marca de 362 cadeiras de rodas doadas. (OSID)<\/p>\n","protected":false},"excerpt":{"rendered":"<p>As Obras Sociais Irm\u00e3 Dulce (OSID) foram beneficiadas pela campanha Lacre do Bem, que ficou conhecida nacionalmente por trocar lacres de latinhas de alum\u00ednio por cadeiras de rodas, contemplando centenas de pessoas carentes e entidades filantr\u00f3picas em todo o pa\u00eds. A indica\u00e7\u00e3o da institui\u00e7\u00e3o do Anjo Bom para receber uma cadeira de rodas foi feita&nbsp;<\/p>\n<p><a class=\"btn btn-style\" href=\"http:\/\/portalcatolico.net\/portal\/osid-e-beneficiada-pela-campanha-lacre-do-bem\/\">Continue Reading<\/a><\/p>\n","protected":false},"author":2,"featured_media":59755,"comment_status":"open","ping_status":"open","sticky":false,"template":"","format":"standard","meta":{"footnotes":""},"categories":[4],"tags":[],"class_list":["post-59754","post","type-post","status-publish","format-standard","has-post-thumbnail","hentry","category-destaques"],"_links":{"self":[{"href":"http:\/\/portalcatolico.net\/portal\/wp-json\/wp\/v2\/posts\/59754","targetHints":{"allow":["GET"]}}],"collection":[{"href":"http:\/\/portalcatolico.net\/portal\/wp-json\/wp\/v2\/posts"}],"about":[{"href":"http:\/\/portalcatolico.net\/portal\/wp-json\/wp\/v2\/types\/post"}],"author":[{"embeddable":true,"href":"http:\/\/portalcatolico.net\/portal\/wp-json\/wp\/v2\/users\/2"}],"replies":[{"embeddable":true,"href":"http:\/\/portalcatolico.net\/portal\/wp-json\/wp\/v2\/comments?post=59754"}],"version-history":[{"count":1,"href":"http:\/\/portalcatolico.net\/portal\/wp-json\/wp\/v2\/posts\/59754\/revisions"}],"predecessor-version":[{"id":59756,"href":"http:\/\/portalcatolico.net\/portal\/wp-json\/wp\/v2\/posts\/59754\/revisions\/59756"}],"wp:featuredmedia":[{"embeddable":true,"href":"http:\/\/portalcatolico.net\/portal\/wp-json\/wp\/v2\/media\/59755"}],"wp:attachment":[{"href":"http:\/\/portalcatolico.net\/portal\/wp-json\/wp\/v2\/media?parent=59754"}],"wp:term":[{"taxonomy":"category","embeddable":true,"href":"http:\/\/portalcatolico.net\/portal\/wp-json\/wp\/v2\/categories?post=59754"},{"taxonomy":"post_tag","embeddable":true,"href":"http:\/\/portalcatolico.net\/portal\/wp-json\/wp\/v2\/tags?post=59754"}],"curies":[{"name":"wp","href":"https:\/\/api.w.org\/{rel}","templated":true}]}}