{"id":59751,"date":"2018-10-08T21:17:58","date_gmt":"2018-10-09T00:17:58","guid":{"rendered":"http:\/\/portalcatolico.net\/portal\/?p=59751"},"modified":"2018-10-08T21:17:58","modified_gmt":"2018-10-09T00:17:58","slug":"paroquia-em-itabuna-celebra-sao-paulo-da-cruz","status":"publish","type":"post","link":"http:\/\/portalcatolico.net\/portal\/paroquia-em-itabuna-celebra-sao-paulo-da-cruz\/","title":{"rendered":"Par\u00f3quia em Itabuna celebra S\u00e3o Paulo da Cruz"},"content":{"rendered":"<p style=\"font-weight: 400;\">A Par\u00f3quia Nossa Senhora da Concei\u00e7\u00e3o&nbsp; de Ferradas celebra, no per\u00edodo&nbsp;de 10 a 18 de outubro, a Festa&nbsp; em honra a S\u00e3o Paulo da Cruz, padroeiro&nbsp;do bairro de Nova Ferradas em Itabuna (BA).<\/p>\n<p style=\"font-weight: 400;\">O tema central \u00e9: &#8220;Seguindo o exemplo&nbsp;de S\u00e3o Paulo da Cruz, sejamos sal da terra e luz do mundo&#8221;. E o lema:&nbsp;&#8220;Crist\u00e3os leigos e leigas&nbsp;na Igreja e na sociedade&#8221;.<\/p>\n<p style=\"font-weight: 400;\">As celebra\u00e7\u00f5es&nbsp;&nbsp;acontecer\u00e3o sempre \u00e0s 19h.<\/p>\n<p style=\"font-weight: 400;\">No dia festivo, 19 de outubro, a programa\u00e7\u00e3o fica assim:<br \/>\n12h: soltar fogos na casa de cada pessoa da comunidade<\/p>\n<p style=\"font-weight: 400;\">18h30: Santa Missa festiva ,logo ap\u00f3s a prociss\u00e3o e b\u00ean\u00e7\u00e3o com Sant\u00edssimo&nbsp;<br \/>\nSacramento.<\/p>\n<p style=\"font-weight: 400;\">O sacerdote&nbsp; respons\u00e1vel pela par\u00f3quia \u00e9 o Padre Jos\u00e9 Roberto.<\/p>\n<p>Foto:Divulga\u00e7\u00e3o<\/p>\n<p>Texto:Portal Cat\u00f3lico.Net<\/p>\n","protected":false},"excerpt":{"rendered":"<p>A Par\u00f3quia Nossa Senhora da Concei\u00e7\u00e3o&nbsp; de Ferradas celebra, no per\u00edodo&nbsp;de 10 a 18 de outubro, a Festa&nbsp; em honra a S\u00e3o Paulo da Cruz, padroeiro&nbsp;do bairro de Nova Ferradas em Itabuna (BA). O tema central \u00e9: &#8220;Seguindo o exemplo&nbsp;de S\u00e3o Paulo da Cruz, sejamos sal da terra e luz do mundo&#8221;. E o lema:&nbsp;&#8220;Crist\u00e3os&nbsp;<\/p>\n<p><a class=\"btn btn-style\" href=\"http:\/\/portalcatolico.net\/portal\/paroquia-em-itabuna-celebra-sao-paulo-da-cruz\/\">Continue Reading<\/a><\/p>\n","protected":false},"author":2,"featured_media":59752,"comment_status":"open","ping_status":"open","sticky":false,"template":"","format":"standard","meta":{"footnotes":""},"categories":[1],"tags":[],"class_list":["post-59751","post","type-post","status-publish","format-standard","has-post-thumbnail","hentry","category-agenda"],"_links":{"self":[{"href":"http:\/\/portalcatolico.net\/portal\/wp-json\/wp\/v2\/posts\/59751","targetHints":{"allow":["GET"]}}],"collection":[{"href":"http:\/\/portalcatolico.net\/portal\/wp-json\/wp\/v2\/posts"}],"about":[{"href":"http:\/\/portalcatolico.net\/portal\/wp-json\/wp\/v2\/types\/post"}],"author":[{"embeddable":true,"href":"http:\/\/portalcatolico.net\/portal\/wp-json\/wp\/v2\/users\/2"}],"replies":[{"embeddable":true,"href":"http:\/\/portalcatolico.net\/portal\/wp-json\/wp\/v2\/comments?post=59751"}],"version-history":[{"count":1,"href":"http:\/\/portalcatolico.net\/portal\/wp-json\/wp\/v2\/posts\/59751\/revisions"}],"predecessor-version":[{"id":59753,"href":"http:\/\/portalcatolico.net\/portal\/wp-json\/wp\/v2\/posts\/59751\/revisions\/59753"}],"wp:featuredmedia":[{"embeddable":true,"href":"http:\/\/portalcatolico.net\/portal\/wp-json\/wp\/v2\/media\/59752"}],"wp:attachment":[{"href":"http:\/\/portalcatolico.net\/portal\/wp-json\/wp\/v2\/media?parent=59751"}],"wp:term":[{"taxonomy":"category","embeddable":true,"href":"http:\/\/portalcatolico.net\/portal\/wp-json\/wp\/v2\/categories?post=59751"},{"taxonomy":"post_tag","embeddable":true,"href":"http:\/\/portalcatolico.net\/portal\/wp-json\/wp\/v2\/tags?post=59751"}],"curies":[{"name":"wp","href":"https:\/\/api.w.org\/{rel}","templated":true}]}}