{"id":59745,"date":"2018-10-08T20:19:41","date_gmt":"2018-10-08T23:19:41","guid":{"rendered":"http:\/\/portalcatolico.net\/portal\/?p=59745"},"modified":"2018-10-08T20:19:41","modified_gmt":"2018-10-08T23:19:41","slug":"dom-guido-escreve-sobre-o-lema-de-dom-mario-pelo-testemunho-de-dom-mario-tambem-eu-creio-na-caridade","status":"publish","type":"post","link":"http:\/\/portalcatolico.net\/portal\/dom-guido-escreve-sobre-o-lema-de-dom-mario-pelo-testemunho-de-dom-mario-tambem-eu-creio-na-caridade\/","title":{"rendered":"Dom Guido escreve sobre o lema de Dom M\u00e1rio: \u201cPelo testemunho de Dom M\u00e1rio tamb\u00e9m eu Creio na Caridade\u201d"},"content":{"rendered":"<p>CREMOS NA CARIDADE<\/p>\n<p>Aproximando-se o dia do vig\u00e9simo anivers\u00e1rio do encontro definitivo de Dom Mario Zanetta com o Bom Pastor e meditando o Evangelho que nos apresenta a Par\u00e1bola do Bom Samaritano, quis parar um pouco para deixar que a gra\u00e7a de Deus desperte umas reflex\u00f5es para melhor viver esta circunst\u00e2ncia.<\/p>\n<p>Em primeiro lugar, sempre achei interessante e cheio de provoca\u00e7\u00e3o o lema que Dom M\u00e1rio escolheu para definir como gostaria viver o seu ser Bispo: \u201cCremos na Caridade\u201d.<\/p>\n<p>Aqui encontramos as tr\u00eas virtudes teologais, tamb\u00e9m se numa vis\u00e3o superficial aparecem s\u00f3 duas.<br \/>\nCremos: a virtude da F\u00e9 que \u00e9 o dom que Deus gratuitamente nos d\u00e1 para podermos reconhecer a exist\u00eancia e a Presen\u00e7a dele em Jesus Cristo atrav\u00e9s da Sua Igreja.<\/p>\n<p>A f\u00e9 cat\u00f3lica n\u00e3o \u00e9 restrita unicamente ao afirmar a exist\u00eancia de Deus, mas \u00e9 reconhecer que Ele se revelou em Jesus Cristo: \u201cQuem me v\u00ea, v\u00ea o Pai\u201d (Jo 14,9) e que a Presen\u00e7a de Jesus continua na Igreja: \u201cQuem vos escuta \u00e9 a mim que escuta e quem vos despreza \u00e9 a mim que despreza; ora, quem me despreza, despreza Aquele que me enviou.\u201d (lc 10,16)<\/p>\n<p>A partir da profiss\u00e3o de f\u00e9 nasce a Esperan\u00e7a, pois o bem da vida n\u00e3o depende unicamente de n\u00f3s ou dos outros limitados como n\u00f3s, mas da miseric\u00f3rdia e compaix\u00e3o de Deus Pai.<\/p>\n<p>Como consequ\u00eancia da F\u00e9 e da Esperan\u00e7a nasce a Caridade, o Amor, pois Deus \u00e9 Amor infinito que derramado sobre n\u00f3s atrav\u00e9s do nosso testemunho abra\u00e7a o irm\u00e3o e a Irma que mais precisam da ternura de Jesus.<\/p>\n<p>Toda a vida de Dom M\u00e1rio \u00e9 o testemunho claro de que as tr\u00eas virtudes n\u00e3o s\u00e3o pe\u00e7as de museu incapazes de incidir e mudar a vida, mas que se transformam em a\u00e7\u00e3o vivente com a for\u00e7a do Esp\u00edrito Santo.<\/p>\n<p>Tornando-se a\u00e7\u00e3o vivente ajudam as pessoas que as praticam e quem \u00e9 alcan\u00e7ado pela a\u00e7\u00e3o e pelo testemunho a aderirem \u00e0 Verdade vivente, isto \u00e9, a viverem um relacionamento mais familiar com Jesus e com os irm\u00e3os.<\/p>\n<p>Santa Teresa de Calcut\u00e1 dizia que o que ela e as suas irm\u00e3s faziam nascia do fato de que elas pertenciam a Jesus e pertencendo a Ele era inevit\u00e1vel reconhec\u00ea-Lo nos mais pobres.<\/p>\n<p>A vida e a a\u00e7\u00e3o pastoral de Dom M\u00e1rio traduziram a f\u00e9, a esperan\u00e7a e a caridade numa experi\u00eancia cotidiana, ajudando as pessoas a sa\u00edrem do pr\u00f3prio individualismo ou espiritualismo para entrarem na concretude da vida e serem realmente sal da terra e luz do mundo.<\/p>\n<p>A partir do Batismo cada um de n\u00f3s se torna respons\u00e1vel n\u00e3o s\u00f3 de si mesmo, mas tamb\u00e9m dos outros a fim de que cada um possa reconhecer quanto \u00e9 amado por Deus e assim descobrir os dons que cada um tem tamb\u00e9m se n\u00e3o s\u00e3o reconhecidos pela sociedade e pela mentalidade mundana.<\/p>\n<p>Ser respons\u00e1vel do outro \u00e9 a verdadeira amizade e para viv\u00ea-la profundamente precisa de sacrif\u00edcio, pois significa lidar com a liberdade do outro que n\u00e3o sempre aceita ser ajudado.<\/p>\n<p>No livro \u2018O Pequeno Pr\u00edncipe\u2019 encontramos uma bel\u00edssima defini\u00e7\u00e3o de amizade: \u201cO que quer dizer cativar? \u00c9 uma coisa muito esquecida\u2026 Significa criar la\u00e7os.\u201d<\/p>\n<p>Celebrar o vig\u00e9simo anivers\u00e1rio da morte de Dom Mario \u00e9 exatamente renovar os la\u00e7os de amizade que a sua presen\u00e7a despertou em muitas pessoas e nos tornar respons\u00e1veis das Obras que ele iniciou e deixou a fim de que cada um de n\u00f3s possa afirmar: \u201cPelo testemunho de Dom M\u00e1rio tamb\u00e9m eu Creio na Caridade.\u201d<\/p>\n<p>Por Dom Guido Zendron e foto de capa TV Caatinga.<\/p>\n<p>Com informa\u00e7\u00f5es da Diocese de Paulo Afonso(BA)<\/p>\n","protected":false},"excerpt":{"rendered":"<p>CREMOS NA CARIDADE Aproximando-se o dia do vig\u00e9simo anivers\u00e1rio do encontro definitivo de Dom Mario Zanetta com o Bom Pastor e meditando o Evangelho que nos apresenta a Par\u00e1bola do Bom Samaritano, quis parar um pouco para deixar que a gra\u00e7a de Deus desperte umas reflex\u00f5es para melhor viver esta circunst\u00e2ncia. Em primeiro lugar, sempre&nbsp;<\/p>\n<p><a class=\"btn btn-style\" href=\"http:\/\/portalcatolico.net\/portal\/dom-guido-escreve-sobre-o-lema-de-dom-mario-pelo-testemunho-de-dom-mario-tambem-eu-creio-na-caridade\/\">Continue Reading<\/a><\/p>\n","protected":false},"author":2,"featured_media":59746,"comment_status":"open","ping_status":"open","sticky":false,"template":"","format":"standard","meta":{"footnotes":""},"categories":[69],"tags":[],"class_list":["post-59745","post","type-post","status-publish","format-standard","has-post-thumbnail","hentry","category-artigos"],"_links":{"self":[{"href":"http:\/\/portalcatolico.net\/portal\/wp-json\/wp\/v2\/posts\/59745","targetHints":{"allow":["GET"]}}],"collection":[{"href":"http:\/\/portalcatolico.net\/portal\/wp-json\/wp\/v2\/posts"}],"about":[{"href":"http:\/\/portalcatolico.net\/portal\/wp-json\/wp\/v2\/types\/post"}],"author":[{"embeddable":true,"href":"http:\/\/portalcatolico.net\/portal\/wp-json\/wp\/v2\/users\/2"}],"replies":[{"embeddable":true,"href":"http:\/\/portalcatolico.net\/portal\/wp-json\/wp\/v2\/comments?post=59745"}],"version-history":[{"count":1,"href":"http:\/\/portalcatolico.net\/portal\/wp-json\/wp\/v2\/posts\/59745\/revisions"}],"predecessor-version":[{"id":59747,"href":"http:\/\/portalcatolico.net\/portal\/wp-json\/wp\/v2\/posts\/59745\/revisions\/59747"}],"wp:featuredmedia":[{"embeddable":true,"href":"http:\/\/portalcatolico.net\/portal\/wp-json\/wp\/v2\/media\/59746"}],"wp:attachment":[{"href":"http:\/\/portalcatolico.net\/portal\/wp-json\/wp\/v2\/media?parent=59745"}],"wp:term":[{"taxonomy":"category","embeddable":true,"href":"http:\/\/portalcatolico.net\/portal\/wp-json\/wp\/v2\/categories?post=59745"},{"taxonomy":"post_tag","embeddable":true,"href":"http:\/\/portalcatolico.net\/portal\/wp-json\/wp\/v2\/tags?post=59745"}],"curies":[{"name":"wp","href":"https:\/\/api.w.org\/{rel}","templated":true}]}}