{"id":59742,"date":"2018-10-08T20:09:05","date_gmt":"2018-10-08T23:09:05","guid":{"rendered":"http:\/\/portalcatolico.net\/portal\/?p=59742"},"modified":"2018-10-08T20:09:05","modified_gmt":"2018-10-08T23:09:05","slug":"pescadores-artesanais-terao-momento-de-escuta-para-o-sinodo","status":"publish","type":"post","link":"http:\/\/portalcatolico.net\/portal\/pescadores-artesanais-terao-momento-de-escuta-para-o-sinodo\/","title":{"rendered":"Pescadores artesanais ter\u00e3o momento de escuta para o S\u00ednodo"},"content":{"rendered":"<p>De 16 a 18 de outubro, pescadores e pescadoras artesanais do Par\u00e1, do Maranh\u00e3o, do Amap\u00e1 e do Amazonas estar\u00e3o reunidos em Bel\u00e9m (PA) para o Semin\u00e1rio de Escuta promovido no contexto da prepara\u00e7\u00e3o para o S\u00ednodo para a Amaz\u00f4nia, marcado para o pr\u00f3ximo ano. O evento acontece&nbsp;na sede do regional Norte 2 da CNBB, em Bel\u00e9m\/PA.<\/p>\n<p>A ideia surgiu no 3\u00ba Encontro dos Bispos da Amaz\u00f4nia Legal, realizado em Manaus, no m\u00eas de agosto. \u201cComo a gente est\u00e1 na prepara\u00e7\u00e3o para o S\u00ednodo para a Amaz\u00f4nia, n\u00f3s achamos por bem e levantamos essa ideia de se ouvir tamb\u00e9m os pescadores e pescadoras artesanais tamb\u00e9m da Amaz\u00f4nia Legal\u201d, explica o bispo de Brejo\/MA e referencial do Conselho Pastoral dos Pescadores, Dom Jos\u00e9 Valdeci Santos Mendes.<\/p>\n<p>O bispo destaca a import\u00e2ncia de serem ouvidos \u201co clamor e o grito dos pescadores e pescadoras\u201d que v\u00e3o vendo morte dos rios e enfrentando desafios como a quest\u00e3o do agroneg\u00f3cio e a constru\u00e7\u00e3o de parques e\u00f3licos e usinas hidrel\u00e9tricas. \u201cTudo isso atinge em cheio tamb\u00e9m nossos pescadores e pescadoras\u201d, observa.<\/p>\n<p>A assessoria do semin\u00e1rio ficar\u00e1 por conta do padre D\u00e1rio Giuliano Bossi, assessor da Rede Eclesial Pan-Amaz\u00f4nica\/REPAM Brasil.<\/p>\n<p>Na Amaz\u00f4nia, a Pastoral dos Pescadores registra 12 ocorr\u00eancias de conflitos socioambientais relacionados \u00e0 pesca artesanal. S\u00e3o cinco regi\u00f5es com registros de conflitos no Maranh\u00e3o, sendo cerca de 22 mil fam\u00edlias atingidas. No Par\u00e1, em sete localidades, s\u00e3o 3286 fam\u00edlias atingidas.<\/p>\n<p>A experi\u00eancia para contribuir<\/p>\n<p>Durante este encontro de Bel\u00e9m, pescadores e pescadoras artesanais poder\u00e3o participar da escuta dos povos e responder ao question\u00e1rio em prepara\u00e7\u00e3o para o S\u00ednodo para a Amaz\u00f4nia convocado pelo papa Francisco para outubro de 2019. \u201cEm um S\u00ednodo t\u00e3o importante para toda a Igreja na Amaz\u00f4nia, achamos por bem que os pescadores e pescadoras possam ser ouvidos. E eles t\u00eam muito a contribuir conosco a partir da experi\u00eancia, a partir da viv\u00eancia, a partir dessa liga\u00e7\u00e3o com a pr\u00f3pria natureza\u201d, salienta dom Valdeci.&nbsp;<\/p>\n<p>Fonte:Repan<\/p>\n","protected":false},"excerpt":{"rendered":"<p>De 16 a 18 de outubro, pescadores e pescadoras artesanais do Par\u00e1, do Maranh\u00e3o, do Amap\u00e1 e do Amazonas estar\u00e3o reunidos em Bel\u00e9m (PA) para o Semin\u00e1rio de Escuta promovido no contexto da prepara\u00e7\u00e3o para o S\u00ednodo para a Amaz\u00f4nia, marcado para o pr\u00f3ximo ano. O evento acontece&nbsp;na sede do regional Norte 2 da CNBB,&nbsp;<\/p>\n<p><a class=\"btn btn-style\" href=\"http:\/\/portalcatolico.net\/portal\/pescadores-artesanais-terao-momento-de-escuta-para-o-sinodo\/\">Continue Reading<\/a><\/p>\n","protected":false},"author":2,"featured_media":59743,"comment_status":"open","ping_status":"open","sticky":false,"template":"","format":"standard","meta":{"footnotes":""},"categories":[4],"tags":[],"class_list":["post-59742","post","type-post","status-publish","format-standard","has-post-thumbnail","hentry","category-destaques"],"_links":{"self":[{"href":"http:\/\/portalcatolico.net\/portal\/wp-json\/wp\/v2\/posts\/59742","targetHints":{"allow":["GET"]}}],"collection":[{"href":"http:\/\/portalcatolico.net\/portal\/wp-json\/wp\/v2\/posts"}],"about":[{"href":"http:\/\/portalcatolico.net\/portal\/wp-json\/wp\/v2\/types\/post"}],"author":[{"embeddable":true,"href":"http:\/\/portalcatolico.net\/portal\/wp-json\/wp\/v2\/users\/2"}],"replies":[{"embeddable":true,"href":"http:\/\/portalcatolico.net\/portal\/wp-json\/wp\/v2\/comments?post=59742"}],"version-history":[{"count":1,"href":"http:\/\/portalcatolico.net\/portal\/wp-json\/wp\/v2\/posts\/59742\/revisions"}],"predecessor-version":[{"id":59744,"href":"http:\/\/portalcatolico.net\/portal\/wp-json\/wp\/v2\/posts\/59742\/revisions\/59744"}],"wp:featuredmedia":[{"embeddable":true,"href":"http:\/\/portalcatolico.net\/portal\/wp-json\/wp\/v2\/media\/59743"}],"wp:attachment":[{"href":"http:\/\/portalcatolico.net\/portal\/wp-json\/wp\/v2\/media?parent=59742"}],"wp:term":[{"taxonomy":"category","embeddable":true,"href":"http:\/\/portalcatolico.net\/portal\/wp-json\/wp\/v2\/categories?post=59742"},{"taxonomy":"post_tag","embeddable":true,"href":"http:\/\/portalcatolico.net\/portal\/wp-json\/wp\/v2\/tags?post=59742"}],"curies":[{"name":"wp","href":"https:\/\/api.w.org\/{rel}","templated":true}]}}