{"id":59724,"date":"2018-10-08T13:13:25","date_gmt":"2018-10-08T16:13:25","guid":{"rendered":"http:\/\/portalcatolico.net\/portal\/?p=59724"},"modified":"2018-10-08T13:20:07","modified_gmt":"2018-10-08T16:20:07","slug":"dom-aloisio-e-sepultado-na-capela-da-ressurreicao-do-santuario-de-aparecida","status":"publish","type":"post","link":"http:\/\/portalcatolico.net\/portal\/dom-aloisio-e-sepultado-na-capela-da-ressurreicao-do-santuario-de-aparecida\/","title":{"rendered":"Dom Alo\u00edsio \u00e9 sepultado na Capela da Ressurrei\u00e7\u00e3o do Santu\u00e1rio de Aparecida"},"content":{"rendered":"<p><img loading=\"lazy\" decoding=\"async\" class=\" wp-image-59727 alignleft\" src=\"http:\/\/portalcatolico.net\/portal\/wp-content\/uploads\/2018\/10\/725-483-0-0-300x200.jpg\" alt=\"\" width=\"351\" height=\"234\" srcset=\"http:\/\/portalcatolico.net\/portal\/wp-content\/uploads\/2018\/10\/725-483-0-0-300x200.jpg 300w, http:\/\/portalcatolico.net\/portal\/wp-content\/uploads\/2018\/10\/725-483-0-0.jpg 725w\" sizes=\"auto, (max-width: 351px) 100vw, 351px\" \/>Ap\u00f3s tr\u00eas dias de ora\u00e7\u00e3o em mem\u00f3ria a&nbsp;<b>Dom Alo\u00edsio Lorscheider,<\/b>&nbsp;o Santu\u00e1rio Nacional celebrou, nesta segunda-feira (8),&nbsp;<b>a\u00e7\u00e3o de gra\u00e7as pelo sepultamento dos restos mortais do 3\u00ba Arcebispo de Aparecida na&nbsp;Capela da Ressurrei\u00e7\u00e3o<\/b>, ap\u00f3s 11 anos do seu falecimento.<\/p>\n<p>A<b>&nbsp;celebra\u00e7\u00e3o deste dia tamb\u00e9m recordou o anivers\u00e1rio natal\u00edcio de Dom Alo\u00edsio<\/b>, que se estivesse vivo completaria 94 anos.<\/p>\n<p>A Santa Missa das 9h foi presidida por&nbsp;<b>Dom Darci Nicioli<\/b>, Arcebispo de Diamantina (MG).<b>Dom Darci<\/b>&nbsp;trabalhou com Dom Alo\u00edsio no Santu\u00e1rio, e juntos deram origem \u00e0&nbsp;Campanha dos Devotos&nbsp;em 1999, fam\u00edlia que mant\u00e9m as obras sociais e de constru\u00e7\u00e3o da Casa da M\u00e3e Aparecida.<\/p>\n<p>Dom Darci sublinhou, em sua homilia,&nbsp;<b>a vida de humildade e amor a Deus e ao pr\u00f3ximo<\/b>&nbsp;que permeou toda a trajet\u00f3ria de&nbsp;<b>Dom Alo\u00edsio<\/b>.<\/p>\n<p>\u201c\u00c9 bom e digno fazer mem\u00f3ria do caminho luminoso de Dom Alo\u00edsio, ele amou e empenhou sua vida em fazer o bem. Dom Alo\u00edsio habita em Deus, porque em sua vida inteira foi \u00edntimo d&#8217;Ele.&nbsp;<b>Estamos diante dos retos mortais de um homem de f\u00e9<\/b>.\u201d<\/p>\n<p>Dom Darci prosseguiu descrevendo o legado de Dom Alo\u00edsio, enaltecendo o seu esfor\u00e7o em educar para a cidadania, defender a causa dos necessitados e por ter sido um&nbsp;<b>pastor zeloso, amigo, honesto e confortador<\/b>&nbsp;para todos os que o rodeavam.<\/p>\n<p>\u201cManifestou com seu magist\u00e9rio a paternidade, a bondade, a miseric\u00f3rdia e a ternura de Deus\u201d, expressou Dom Darci.<\/p>\n<p>Ap\u00f3s a santa missa, todos os padres concelebrantes, juntamente com Dom Darci e o Arcebispo de Aparecida,&nbsp;<b>Dom Orlando Brandes<\/b>, seguiram em prociss\u00e3o \u00e0&nbsp;<b>Capela da Ressurrei\u00e7\u00e3o<\/b>&nbsp;para o sepultamento. O rito foi conduzido por Dom Orlando, que frisou a intercess\u00e3o de Dom Alo\u00edsio para que todos alcancem a santidade.<\/p>\n<p><img loading=\"lazy\" decoding=\"async\" class=\"alignnone wp-image-59729\" src=\"http:\/\/portalcatolico.net\/portal\/wp-content\/uploads\/2018\/10\/725-483-0-0-3-300x200.jpg\" alt=\"\" width=\"359\" height=\"239\" srcset=\"http:\/\/portalcatolico.net\/portal\/wp-content\/uploads\/2018\/10\/725-483-0-0-3-300x200.jpg 300w, http:\/\/portalcatolico.net\/portal\/wp-content\/uploads\/2018\/10\/725-483-0-0-3.jpg 725w\" sizes=\"auto, (max-width: 359px) 100vw, 359px\" \/> <img loading=\"lazy\" decoding=\"async\" class=\"alignnone wp-image-59730\" src=\"http:\/\/portalcatolico.net\/portal\/wp-content\/uploads\/2018\/10\/725-483-0-0-4-300x200.jpg\" alt=\"\" width=\"357\" height=\"238\" srcset=\"http:\/\/portalcatolico.net\/portal\/wp-content\/uploads\/2018\/10\/725-483-0-0-4-300x200.jpg 300w, http:\/\/portalcatolico.net\/portal\/wp-content\/uploads\/2018\/10\/725-483-0-0-4.jpg 725w\" sizes=\"auto, (max-width: 357px) 100vw, 357px\" \/>&nbsp;<\/p>\n<p>\u201cEu creio que essa Capela da Ressurrei\u00e7\u00e3o tamb\u00e9m ser\u00e1 um local de peregrina\u00e7\u00e3o.&nbsp;<b>Dom Alo\u00edsio vai interceder para que sejamos a Igreja santa<\/b>\u201d.<\/p>\n<p><b>Dom Alo\u00edsio se uniu aos Arcebispos de Aparecida j\u00e1 sepultados no espa\u00e7o sagrado do Santu\u00e1rio<\/b>: Dom Carlos Carmelo de Vasconcelos Motta, Dom Ant\u00f4nio Ferreira de Macedo e Dom Geraldo de Moraes Penido.<\/p>\n<p>\u201cAgora essa semente ficar\u00e1 plantada nesse ch\u00e3o bendito do Santu\u00e1rio de Aparecida, na Casa da M\u00e3e, onde ele serviu com extremada dedica\u00e7\u00e3o\u201d, afirmou dom Darci Nicioli.<\/p>\n<p>Os&nbsp;<b>devotos podem visitar a Capela da Ressurrei\u00e7\u00e3o<\/b>&nbsp;e fazer as suas ora\u00e7\u00f5es todos os dias, das 5h30 \u00e0s 18h.(A12.com)<\/p>\n<p>Fotos:Ivan Simas<\/p>\n<p><a href=\"http:\/\/www.a12.com\/santuario\/noticias\/capela-da-ressurreicao-no-santuario-e-um-convite-a-reflexao-da-vida\" target=\"_blank\" rel=\"noopener\">Capela da Ressurrei\u00e7\u00e3o no Santu\u00e1rio \u00e9 um convite \u00e0 reflex\u00e3o da vida<\/a><\/p>\n","protected":false},"excerpt":{"rendered":"<p>Ap\u00f3s tr\u00eas dias de ora\u00e7\u00e3o em mem\u00f3ria a&nbsp;Dom Alo\u00edsio Lorscheider,&nbsp;o Santu\u00e1rio Nacional celebrou, nesta segunda-feira (8),&nbsp;a\u00e7\u00e3o de gra\u00e7as pelo sepultamento dos restos mortais do 3\u00ba Arcebispo de Aparecida na&nbsp;Capela da Ressurrei\u00e7\u00e3o, ap\u00f3s 11 anos do seu falecimento. A&nbsp;celebra\u00e7\u00e3o deste dia tamb\u00e9m recordou o anivers\u00e1rio natal\u00edcio de Dom Alo\u00edsio, que se estivesse vivo completaria 94 anos.&nbsp;<\/p>\n<p><a class=\"btn btn-style\" href=\"http:\/\/portalcatolico.net\/portal\/dom-aloisio-e-sepultado-na-capela-da-ressurreicao-do-santuario-de-aparecida\/\">Continue Reading<\/a><\/p>\n","protected":false},"author":2,"featured_media":59725,"comment_status":"open","ping_status":"open","sticky":false,"template":"","format":"standard","meta":{"footnotes":""},"categories":[4],"tags":[],"class_list":["post-59724","post","type-post","status-publish","format-standard","has-post-thumbnail","hentry","category-destaques"],"_links":{"self":[{"href":"http:\/\/portalcatolico.net\/portal\/wp-json\/wp\/v2\/posts\/59724","targetHints":{"allow":["GET"]}}],"collection":[{"href":"http:\/\/portalcatolico.net\/portal\/wp-json\/wp\/v2\/posts"}],"about":[{"href":"http:\/\/portalcatolico.net\/portal\/wp-json\/wp\/v2\/types\/post"}],"author":[{"embeddable":true,"href":"http:\/\/portalcatolico.net\/portal\/wp-json\/wp\/v2\/users\/2"}],"replies":[{"embeddable":true,"href":"http:\/\/portalcatolico.net\/portal\/wp-json\/wp\/v2\/comments?post=59724"}],"version-history":[{"count":5,"href":"http:\/\/portalcatolico.net\/portal\/wp-json\/wp\/v2\/posts\/59724\/revisions"}],"predecessor-version":[{"id":59733,"href":"http:\/\/portalcatolico.net\/portal\/wp-json\/wp\/v2\/posts\/59724\/revisions\/59733"}],"wp:featuredmedia":[{"embeddable":true,"href":"http:\/\/portalcatolico.net\/portal\/wp-json\/wp\/v2\/media\/59725"}],"wp:attachment":[{"href":"http:\/\/portalcatolico.net\/portal\/wp-json\/wp\/v2\/media?parent=59724"}],"wp:term":[{"taxonomy":"category","embeddable":true,"href":"http:\/\/portalcatolico.net\/portal\/wp-json\/wp\/v2\/categories?post=59724"},{"taxonomy":"post_tag","embeddable":true,"href":"http:\/\/portalcatolico.net\/portal\/wp-json\/wp\/v2\/tags?post=59724"}],"curies":[{"name":"wp","href":"https:\/\/api.w.org\/{rel}","templated":true}]}}