{"id":59721,"date":"2018-10-07T21:35:41","date_gmt":"2018-10-08T00:35:41","guid":{"rendered":"http:\/\/portalcatolico.net\/portal\/?p=59721"},"modified":"2018-10-07T21:35:41","modified_gmt":"2018-10-08T00:35:41","slug":"continua-em-itabuna-o-novenario-e-festa-em-honra-a-nossa-senhora-aparecida","status":"publish","type":"post","link":"http:\/\/portalcatolico.net\/portal\/continua-em-itabuna-o-novenario-e-festa-em-honra-a-nossa-senhora-aparecida\/","title":{"rendered":"Continua em Itabuna o Noven\u00e1rio e Festa em honra \u00e0 Nossa Senhora Aparecida"},"content":{"rendered":"<div dir=\"auto\">No m\u00eas em que celebramos a Rainha do Brasil, a Virgem e nossa M\u00e3e Aparecida, a Par\u00f3quia dedicada a Nossa Senhora Aparecida, na Diocese de Itabuna no munic\u00edpio de Itabuna (BA), fica situada no bairro Calif\u00f3rnia, e tem uma programa\u00e7\u00e3o toda especial aos devotos e visitantes. Durante todas as noites, ap\u00f3s a Missa, haver\u00e1 quermesse com barraca com comidas, refrigerantes, m\u00fasica ao vivo e tamb\u00e9m barraca com artigos religiosos. Celebrando o Ano Nacional do Laicato, foram preparados dez dias especiais e repleta de b\u00ean\u00e7\u00e3os.<\/div>\n<div dir=\"auto\">No dia 30\/09 aconteceu carreata pelas ruas do bairro e no dia 03\/03, oficialmente, come\u00e7aram os preparativos do noven\u00e1rio que segue at\u00e9 o dia 11, e no dia 12 acontece a festa.<\/div>\n<div dir=\"auto\">A Par\u00f3quia recebe diversos padres convidados da Diocese, que celebram as missas e refletem os temas da noite.<\/div>\n<div dir=\"auto\">Os preparativos esta com o tema central: &#8220;M\u00e3e Aparecida, ensina-nos a viver nossa miss\u00e3o de crist\u00e3os leigos e leigas na igreja e na sociedade&#8221;. E o lema \u00e9:&#8221;Sal da terra e luz do mundo&#8221;.(MT 5,13).<\/div>\n<div dir=\"auto\">Tradicionalmente, o evento ser\u00e1 composto de alvoradas, ora\u00e7\u00f5es, missas todas as noites sempre \u00e0s 19h, prociss\u00f5es, quermesses, entre outros momentos de evangeliza\u00e7\u00e3o.<\/div>\n<div dir=\"auto\">&nbsp; &nbsp; &nbsp; &nbsp; &nbsp; &nbsp; &nbsp; &nbsp; &nbsp; &nbsp; &nbsp; &nbsp; &nbsp; &nbsp; &nbsp; &nbsp; &nbsp; &nbsp; &nbsp; &nbsp; &nbsp; &nbsp; &nbsp; &nbsp; &nbsp; &nbsp; &nbsp; &nbsp; &nbsp; &nbsp; &nbsp; &nbsp; &nbsp; &nbsp; &nbsp; &nbsp; &nbsp; &nbsp; &nbsp; &nbsp; &nbsp; &nbsp; Confira a programa\u00e7\u00e3o:<\/p>\n<\/div>\n<div dir=\"auto\"><strong>Programa\u00e7\u00e3o 07\/10 (Domingo)-19h<\/strong><\/p>\n<\/div>\n<div dir=\"auto\">Subtema 5\u00aa noite: &#8220;Crist\u00e3o leigos evangelizados e evangelizam&#8221;. Homenageados: Juventude e CCPP Dedicados: Par\u00f3quia Nossa Senhora da Piedade, movimentos sociais e Par\u00f3quia Santa Rita de C\u00e1ssia.<\/div>\n<div dir=\"auto\">Respons\u00e1veis: Juventude Oferta da noite: Caf\u00e9 B\u00ean\u00e7\u00e3o: Jovens&nbsp;<\/p>\n<\/div>\n<div dir=\"auto\"><strong>08\/10 (Segunda-feira)-19h&nbsp;<\/strong><\/p>\n<\/div>\n<div dir=\"auto\">Subtema da 6\u00aa noite: &#8220;Crist\u00e3os leigos e leigas membros do corpo de Cristo permanente e comunidade de comunidade&#8221;. Homenageados: Neo e Renova\u00e7\u00e3o Carism\u00e1tica Cat\u00f3lica (RCC) Dedicados as Par\u00f3quias: S\u00e3o Judas Tadeu e Santo Ant\u00f4nio Oferta: \u00d3leo de Soja Ben\u00e7\u00e3o: Objetos de devo\u00e7\u00e3o&nbsp;<\/p>\n<\/div>\n<div dir=\"auto\"><strong>09\/10 (ter\u00e7a-feira) 19h<\/strong><\/p>\n<\/div>\n<div dir=\"auto\">Subtema da 7\u00aa noite: &#8220;A M\u00e3e aparecida nos convida a reassumir-nos a nossa voca\u00e7\u00e3o de leigos e leigas na Igreja&#8221;.&nbsp;<\/div>\n<div dir=\"auto\">Homenageados: Vicentinos, Pastoral do Batismo e Pastoral do Dizimo.&nbsp;<\/div>\n<div dir=\"auto\">Dedicados: Par\u00f3quia Catedral de S\u00e3o Jos\u00e9, comerciantes, par\u00f3quia Santa Maria Goretti e comerciantes.&nbsp;<\/div>\n<div dir=\"auto\">Respons\u00e1veis: Pastoral do Batismo, Vicentinos e Pastoral do Dizimo&nbsp;<\/p>\n<\/div>\n<div dir=\"auto\"><strong>10\/10 (Quarta-feira) 19h&nbsp;<\/strong><\/div>\n<div dir=\"auto\">Subtema da 8\u00aa noite: &#8220;Como M\u00e3e Aparecida aprendemos a viver o laicato aut\u00eanticos Crist\u00e3os&#8221;&nbsp;<\/div>\n<div dir=\"auto\">Homenageados: S\u00e3o Francisco, CRB e liturgia.&nbsp;<\/div>\n<div dir=\"auto\">Dedicados: Professores da Rede P\u00fablica e Particular, alunos e funcion\u00e1rios da sa\u00fade, par\u00f3quia Santa Maria Madalena, Pol\u00edcia Militar e Par\u00f3quia Nossa Senhora da Concei\u00e7\u00e3o do Bairro Ferradas.<\/div>\n<div dir=\"auto\">Respons\u00e1veis: Professores e agentes de Sa\u00fade e Policiais Militares da par\u00f3quia Oferta: Feij\u00e3o Ben\u00e7\u00e3o: Todos s\u00e3o homenageados&nbsp;<\/p>\n<\/div>\n<div dir=\"auto\">1<strong>1\/11 ( Quinta-feira) 19h<\/strong>&nbsp;<\/div>\n<div dir=\"auto\">Subtema da 9\u00aa noite: &#8220;M\u00e3e Aparecida exemplo de Igreja em sa\u00edda.&#8221; Homenageados: minist\u00e9rio da m\u00fasica, acolhida, Comunidade de Alian\u00e7a Filhos de Israel e Grupo de Teatro.&nbsp;<\/div>\n<div dir=\"auto\">Dedicados: Par\u00f3quia Senhor do Bonfim, todos os leigos e leigas da par\u00f3quia Respons\u00e1veis: Grupo de teatro, filhos de Israel e os m\u00fasicos&nbsp;<\/div>\n<div dir=\"auto\">Oferta: Dinheiro (esp\u00e9cie)<\/div>\n<div dir=\"auto\">B\u00ean\u00e7\u00e3o: Leigos e leigas&nbsp;<\/p>\n<\/div>\n<div dir=\"auto\"><strong>12 de outubro, dia festivo<\/strong><\/div>\n<div dir=\"auto\">06h Santo Oficio<\/div>\n<div dir=\"auto\">07h missa dos devotos<\/div>\n<div dir=\"auto\">10h batizados<\/div>\n<div dir=\"auto\">12h alvorada&nbsp;<\/div>\n<div dir=\"auto\">17h missa solene e ser\u00e1 presidida pelo bispo diocesano, Dom Carlos Alberto dos Santos e padres convidados em seguida prociss\u00e3o com a Imagem da Santa pelas principais ruas e avenida do bairro.<\/div>\n<div dir=\"auto\">Respons\u00e1vel pela par\u00f3quia: Pe. Ezequias Gon\u00e7alves&nbsp;<\/div>\n<div dir=\"auto\">&nbsp;<\/div>\n<div dir=\"auto\">Foto:Acervo\/Portal Cat\u00f3lico.Net<\/div>\n<div dir=\"auto\">&nbsp;<\/div>\n<div dir=\"auto\">Texto:Portal Cat\u00f3lico.Net<\/div>\n","protected":false},"excerpt":{"rendered":"<p>No m\u00eas em que celebramos a Rainha do Brasil, a Virgem e nossa M\u00e3e Aparecida, a Par\u00f3quia dedicada a Nossa Senhora Aparecida, na Diocese de Itabuna no munic\u00edpio de Itabuna (BA), fica situada no bairro Calif\u00f3rnia, e tem uma programa\u00e7\u00e3o toda especial aos devotos e visitantes. Durante todas as noites, ap\u00f3s a Missa, haver\u00e1 quermesse&nbsp;<\/p>\n<p><a class=\"btn btn-style\" href=\"http:\/\/portalcatolico.net\/portal\/continua-em-itabuna-o-novenario-e-festa-em-honra-a-nossa-senhora-aparecida\/\">Continue Reading<\/a><\/p>\n","protected":false},"author":2,"featured_media":59722,"comment_status":"open","ping_status":"open","sticky":false,"template":"","format":"standard","meta":{"footnotes":""},"categories":[4],"tags":[],"class_list":["post-59721","post","type-post","status-publish","format-standard","has-post-thumbnail","hentry","category-destaques"],"_links":{"self":[{"href":"http:\/\/portalcatolico.net\/portal\/wp-json\/wp\/v2\/posts\/59721","targetHints":{"allow":["GET"]}}],"collection":[{"href":"http:\/\/portalcatolico.net\/portal\/wp-json\/wp\/v2\/posts"}],"about":[{"href":"http:\/\/portalcatolico.net\/portal\/wp-json\/wp\/v2\/types\/post"}],"author":[{"embeddable":true,"href":"http:\/\/portalcatolico.net\/portal\/wp-json\/wp\/v2\/users\/2"}],"replies":[{"embeddable":true,"href":"http:\/\/portalcatolico.net\/portal\/wp-json\/wp\/v2\/comments?post=59721"}],"version-history":[{"count":1,"href":"http:\/\/portalcatolico.net\/portal\/wp-json\/wp\/v2\/posts\/59721\/revisions"}],"predecessor-version":[{"id":59723,"href":"http:\/\/portalcatolico.net\/portal\/wp-json\/wp\/v2\/posts\/59721\/revisions\/59723"}],"wp:featuredmedia":[{"embeddable":true,"href":"http:\/\/portalcatolico.net\/portal\/wp-json\/wp\/v2\/media\/59722"}],"wp:attachment":[{"href":"http:\/\/portalcatolico.net\/portal\/wp-json\/wp\/v2\/media?parent=59721"}],"wp:term":[{"taxonomy":"category","embeddable":true,"href":"http:\/\/portalcatolico.net\/portal\/wp-json\/wp\/v2\/categories?post=59721"},{"taxonomy":"post_tag","embeddable":true,"href":"http:\/\/portalcatolico.net\/portal\/wp-json\/wp\/v2\/tags?post=59721"}],"curies":[{"name":"wp","href":"https:\/\/api.w.org\/{rel}","templated":true}]}}