{"id":59716,"date":"2018-10-08T00:53:52","date_gmt":"2018-10-08T03:53:52","guid":{"rendered":"http:\/\/portalcatolico.net\/portal\/?p=59716"},"modified":"2018-10-07T20:55:28","modified_gmt":"2018-10-07T23:55:28","slug":"paroquia-de-itapitanga-celebra-nossa-senhora-do-rosario","status":"publish","type":"post","link":"http:\/\/portalcatolico.net\/portal\/paroquia-de-itapitanga-celebra-nossa-senhora-do-rosario\/","title":{"rendered":"Par\u00f3quia de Itapitanga celebra Nossa Senhora do Ros\u00e1rio"},"content":{"rendered":"<div dir=\"auto\">A par\u00f3quia Nossa Senhora do Ros\u00e1rio na cidade de Itapitanga (BA), pertencente \u00e0 Diocese de Ilh\u00e9us, no sul da Bahia, hoje (08\/10), est\u00e1 em festa e \u00e9 feriado municipal na cidade, por celebrar a padroeira Nossa Senhora do Ros\u00e1rio.<\/div>\n<div dir=\"auto\">Os preparativos para a festa tiveram in\u00edcio no dia 28 de setembro e encerram nesta data especial para os itapiranguenses.&nbsp;<\/div>\n<div dir=\"auto\">Devotos, sacerdotes e o bispo diocesano refletiram o tema: &#8220;Crist\u00e3o leigos e leigas, sujeito na &#8220;Igreja em sa\u00edda&#8221;, a servi\u00e7o do Reino.&nbsp;<\/div>\n<div dir=\"auto\">\n<p>O padre respons\u00e1vel pela par\u00f3quia \u00e9 o Wellington Quaresma L\u00f4bo.&nbsp;<\/p>\n<\/div>\n<div dir=\"auto\">\n<p>Conhe\u00e7a um pouco sobre a hist\u00f3ria da santa:<\/p>\n<\/div>\n<div dir=\"auto\">A Festa de Nossa Senhora do Ros\u00e1rio, Vencedora das batalhas, \u00e9 um chamado a todos os fi\u00e9is a meditar junto com Santa Maria os mist\u00e9rios de Cristo. Foi o Papa S\u00e3o Pio V quem instituiu esta data recordando o anivers\u00e1rio da vit\u00f3ria dos Crist\u00e3os na Batalha de Lepanto (1571). Nesta batalha os crist\u00e3os resistiram aos ataques dos turcos otomanos e os derrotaram vencendo o combate enquanto recitavam o Ros\u00e1rio. Nossa Senhora do Ros\u00e1rio possui um devo\u00e7\u00e3o muito antiga. Teve origem com os Monges irlandeses no s\u00e9culo VIII, que recitavam os 150 Salmos. Como os leigos n\u00e3o sabiam ler, os monges ensinaram a rezar 150 Pai Nossos, que mais tarde foram substitu\u00eddos por 150 Ave Marias. Assim, a devo\u00e7\u00e3o, come\u00e7ou a se espalhar pelo mundo. Em muitas apari\u00e7\u00f5es de Maria Sant\u00edssima, Ela pede, ensina e reza junto, a ora\u00e7\u00e3o do Ros\u00e1rio, como em Lourdes, em F\u00e1tima e tantas outras. Jo\u00e3o Paulo II dedicou todo o seu Pontificado a Maria Sant\u00edssima. Ele declarou logo no primeiro dia de seu pontificado: Totus tuus Mariae (Tudo \u00e9 de Maria).<\/div>\n<div dir=\"auto\">&nbsp;<\/div>\n<div dir=\"auto\">A devo\u00e7\u00e3o a Nossa Senhora do Ros\u00e1rio foi amplamente difundida e divulgada. Ele acrescentou mais um conjunto de Mist\u00e9rios ao Ros\u00e1rio &#8211; os Mist\u00e9rios Luminosos &#8211; em uma Enc\u00edclica que escreveu sobre o Santo Ros\u00e1rio. A palavra Ros\u00e1rio quer dizer um tanto de rosas, um buqu\u00ea de rosas que se oferece a Nossa Senhora. Cada Ave Maria \u00e9 uma rosa que oferecemos \u00e0 M\u00e3e, com carinho e esperan\u00e7a. Assim, quando rezamos o Santo Ros\u00e1rio completo, oferecemos um buqu\u00ea de duzentas rosas a Nossa Senhora. S\u00e3o Domingos de Gusm\u00e3o, fundador da Ordem dos Dominicanos, foi o grande propagador do Ros\u00e1rio no in\u00edcio do s\u00e9culo Xlll. A Igreja lhe conferiu o t\u00edtulo de Ap\u00f3stolo do Santo Ros\u00e1rio.<\/div>\n<div dir=\"auto\">&nbsp;<\/div>\n<div dir=\"auto\">Naquela \u00e9poca havia muitos hereges que desviavam os fieis da Igreja Cat\u00f3lica. S\u00e3o Domingos, com a pr\u00e1tica da ora\u00e7\u00e3o do Ros\u00e1rio, a pedido de Nossa Senhora, come\u00e7ou a combater as heresias dos albingenses, que crescia vertiginosamente na Fran\u00e7a. O Papa mandou v\u00e1rios mission\u00e1rios para combater os hereges, mas nada conseguiram. Somente S\u00e3o Domingos, com a cria\u00e7\u00e3o de sua ordem e com a insistente ora\u00e7\u00e3o do Ros\u00e1rio, \u00e9 que conseguiu acabar com esses hereges.<\/div>\n<div dir=\"auto\">&nbsp;<\/div>\n<div dir=\"auto\">S\u00e3o Domingos dizia que em todas as ora\u00e7\u00f5es do Ros\u00e1rio pedia a intercess\u00e3o de Maria Sant\u00edssima para converter os hereges e com o passar dos anos conseguiu. Em 1208 a Virgem Maria apareceu a S\u00e3o Domingos de Gusm\u00e3o para ensinar-lhe a rezar o Ros\u00e1rio e pediu que ele difundisse a devo\u00e7\u00e3o desta arma poderosa para vencer os inimigos da f\u00e9.&nbsp;<\/div>\n<div dir=\"auto\">&nbsp;<\/div>\n<div dir=\"auto\">Foto:Divulga\u00e7\u00e3o<\/div>\n","protected":false},"excerpt":{"rendered":"<p>A par\u00f3quia Nossa Senhora do Ros\u00e1rio na cidade de Itapitanga (BA), pertencente \u00e0 Diocese de Ilh\u00e9us, no sul da Bahia, hoje (08\/10), est\u00e1 em festa e \u00e9 feriado municipal na cidade, por celebrar a padroeira Nossa Senhora do Ros\u00e1rio. Os preparativos para a festa tiveram in\u00edcio no dia 28 de setembro e encerram nesta data&nbsp;<\/p>\n<p><a class=\"btn btn-style\" href=\"http:\/\/portalcatolico.net\/portal\/paroquia-de-itapitanga-celebra-nossa-senhora-do-rosario\/\">Continue Reading<\/a><\/p>\n","protected":false},"author":2,"featured_media":59717,"comment_status":"open","ping_status":"open","sticky":false,"template":"","format":"standard","meta":{"footnotes":""},"categories":[69],"tags":[],"class_list":["post-59716","post","type-post","status-publish","format-standard","has-post-thumbnail","hentry","category-artigos"],"_links":{"self":[{"href":"http:\/\/portalcatolico.net\/portal\/wp-json\/wp\/v2\/posts\/59716","targetHints":{"allow":["GET"]}}],"collection":[{"href":"http:\/\/portalcatolico.net\/portal\/wp-json\/wp\/v2\/posts"}],"about":[{"href":"http:\/\/portalcatolico.net\/portal\/wp-json\/wp\/v2\/types\/post"}],"author":[{"embeddable":true,"href":"http:\/\/portalcatolico.net\/portal\/wp-json\/wp\/v2\/users\/2"}],"replies":[{"embeddable":true,"href":"http:\/\/portalcatolico.net\/portal\/wp-json\/wp\/v2\/comments?post=59716"}],"version-history":[{"count":3,"href":"http:\/\/portalcatolico.net\/portal\/wp-json\/wp\/v2\/posts\/59716\/revisions"}],"predecessor-version":[{"id":59720,"href":"http:\/\/portalcatolico.net\/portal\/wp-json\/wp\/v2\/posts\/59716\/revisions\/59720"}],"wp:featuredmedia":[{"embeddable":true,"href":"http:\/\/portalcatolico.net\/portal\/wp-json\/wp\/v2\/media\/59717"}],"wp:attachment":[{"href":"http:\/\/portalcatolico.net\/portal\/wp-json\/wp\/v2\/media?parent=59716"}],"wp:term":[{"taxonomy":"category","embeddable":true,"href":"http:\/\/portalcatolico.net\/portal\/wp-json\/wp\/v2\/categories?post=59716"},{"taxonomy":"post_tag","embeddable":true,"href":"http:\/\/portalcatolico.net\/portal\/wp-json\/wp\/v2\/tags?post=59716"}],"curies":[{"name":"wp","href":"https:\/\/api.w.org\/{rel}","templated":true}]}}