{"id":59713,"date":"2018-10-07T20:45:32","date_gmt":"2018-10-07T23:45:32","guid":{"rendered":"http:\/\/portalcatolico.net\/portal\/?p=59713"},"modified":"2018-10-07T20:45:32","modified_gmt":"2018-10-07T23:45:32","slug":"papa-renova-convite-para-rezar-o-terco-contra-ataques-a-igreja","status":"publish","type":"post","link":"http:\/\/portalcatolico.net\/portal\/papa-renova-convite-para-rezar-o-terco-contra-ataques-a-igreja\/","title":{"rendered":"Papa renova convite para rezar o Ter\u00e7o contra ataques \u00e0 Igreja"},"content":{"rendered":"<div class=\"article__subTitle\">\u201cRenovo o convite para rezar o Ter\u00e7o todos os dias do m\u00eas de outubro, concluindo com a ant\u00edfona &#8216;Sob a Tua prote\u00e7\u00e3o'&#8221;.<\/div>\n<div class=\"article__text\">\n<p>Hoje, festa de Nossa Senhora do Ros\u00e1rio, dirijo uma sauda\u00e7\u00e3o especial aos fi\u00e9is reunidos no Santu\u00e1rio de Pomp\u00e9ia para a tradicional S\u00faplica, presidida nesta ocasi\u00e3o pelo Cardeal Mario Zenari, N\u00fancio Apost\u00f3lico na S\u00edria. Foi o que disse o Papa Francisco na conclus\u00e3o do Angelus neste domingo na Pra\u00e7a S\u00e3o Pedro. \u201cRenovo o convite para rezar o Ter\u00e7o todos os dias do m\u00eas de outubro, concluindo com a ant\u00edfona &#8220;Sob a Tua prote\u00e7\u00e3o&#8221; e a ora\u00e7\u00e3o a S\u00e3o Miguel Arcanjo, para repelir os ataques do dem\u00f4nio que quer dividir a Igreja, acrescentou.<\/p>\n<p>O Papa recordou ainda nas sua palavras finais que no pr\u00f3ximo s\u00e1bado, ter\u00e1 lugar em Roma o 1\u00ba Dia das Catacumbas. Muitos locais estar\u00e3o abertos ao p\u00fablico, com oficinas educativas e eventos culturais. Agrade\u00e7o \u00e0 Pontif\u00edcia Comiss\u00e3o de Arqueologia Sacra por esta iniciativa \u2013 disse Francisco &#8211; e fa\u00e7o votos de que essa iniciativa tenha o melhor \u00eaxito.<\/p>\n<p>O Pont\u00edfice saudou por fim, romanos e peregrinos, especialmente as fam\u00edlias e os grupos paroquiais da It\u00e1lia e de v\u00e1rias partes do mundo. \u201cSa\u00fado os peregrinos&nbsp; greco-cat\u00f3licos da Eslov\u00e1quia, os fi\u00e9is de Poznan (Pol\u00f4nia) e de Fortaleza (Brasil); os av\u00f3s de Malta e os estudantes de Neuilly (Fran\u00e7a); e as irm\u00e3s de S\u00e3o Paulo de Chartres, da Austr\u00e1lia. Sa\u00fado a peregrina\u00e7\u00e3o promovida pelos Mission\u00e1rios dos Sagrados Cora\u00e7\u00f5es de Jesus e Maria, o coral &#8220;Calliope&#8221; de Gussago (Brescia), e os jovens da &#8220;Juventude Estudantil&#8221; do L\u00e1cio e os fi\u00e9is de Abbiategrasso.<\/p>\n<p>Francisco concluiu desejando a todos um bom domingo, acrescentando: \u201cpor favor, n\u00e3o se esque\u00e7am de rezar por mim. Bom almo\u00e7o e at\u00e9 breve!\u201d(Vatican News)<\/p>\n<p>Por Silvonei Jos\u00e9&nbsp;<\/p>\n<p>&nbsp;<\/p>\n<\/div>\n","protected":false},"excerpt":{"rendered":"<p>\u201cRenovo o convite para rezar o Ter\u00e7o todos os dias do m\u00eas de outubro, concluindo com a ant\u00edfona &#8216;Sob a Tua prote\u00e7\u00e3o&#8217;&#8221;. Hoje, festa de Nossa Senhora do Ros\u00e1rio, dirijo uma sauda\u00e7\u00e3o especial aos fi\u00e9is reunidos no Santu\u00e1rio de Pomp\u00e9ia para a tradicional S\u00faplica, presidida nesta ocasi\u00e3o pelo Cardeal Mario Zenari, N\u00fancio Apost\u00f3lico na S\u00edria.&nbsp;<\/p>\n<p><a class=\"btn btn-style\" href=\"http:\/\/portalcatolico.net\/portal\/papa-renova-convite-para-rezar-o-terco-contra-ataques-a-igreja\/\">Continue Reading<\/a><\/p>\n","protected":false},"author":2,"featured_media":59714,"comment_status":"open","ping_status":"open","sticky":false,"template":"","format":"standard","meta":{"footnotes":""},"categories":[5],"tags":[],"class_list":["post-59713","post","type-post","status-publish","format-standard","has-post-thumbnail","hentry","category-igreja_no_mundo"],"_links":{"self":[{"href":"http:\/\/portalcatolico.net\/portal\/wp-json\/wp\/v2\/posts\/59713","targetHints":{"allow":["GET"]}}],"collection":[{"href":"http:\/\/portalcatolico.net\/portal\/wp-json\/wp\/v2\/posts"}],"about":[{"href":"http:\/\/portalcatolico.net\/portal\/wp-json\/wp\/v2\/types\/post"}],"author":[{"embeddable":true,"href":"http:\/\/portalcatolico.net\/portal\/wp-json\/wp\/v2\/users\/2"}],"replies":[{"embeddable":true,"href":"http:\/\/portalcatolico.net\/portal\/wp-json\/wp\/v2\/comments?post=59713"}],"version-history":[{"count":1,"href":"http:\/\/portalcatolico.net\/portal\/wp-json\/wp\/v2\/posts\/59713\/revisions"}],"predecessor-version":[{"id":59715,"href":"http:\/\/portalcatolico.net\/portal\/wp-json\/wp\/v2\/posts\/59713\/revisions\/59715"}],"wp:featuredmedia":[{"embeddable":true,"href":"http:\/\/portalcatolico.net\/portal\/wp-json\/wp\/v2\/media\/59714"}],"wp:attachment":[{"href":"http:\/\/portalcatolico.net\/portal\/wp-json\/wp\/v2\/media?parent=59713"}],"wp:term":[{"taxonomy":"category","embeddable":true,"href":"http:\/\/portalcatolico.net\/portal\/wp-json\/wp\/v2\/categories?post=59713"},{"taxonomy":"post_tag","embeddable":true,"href":"http:\/\/portalcatolico.net\/portal\/wp-json\/wp\/v2\/tags?post=59713"}],"curies":[{"name":"wp","href":"https:\/\/api.w.org\/{rel}","templated":true}]}}