{"id":59602,"date":"2018-10-06T09:25:44","date_gmt":"2018-10-06T12:25:44","guid":{"rendered":"http:\/\/portalcatolico.net\/portal\/?p=59602"},"modified":"2018-10-06T09:25:44","modified_gmt":"2018-10-06T12:25:44","slug":"america-latina-esta-unida-em-defesa-da-vida-garante-especialista","status":"publish","type":"post","link":"http:\/\/portalcatolico.net\/portal\/america-latina-esta-unida-em-defesa-da-vida-garante-especialista\/","title":{"rendered":"Am\u00e9rica Latina est\u00e1 unida em defesa da vida, garante especialista"},"content":{"rendered":"<p>Recentemente, diversas manifesta\u00e7\u00f5es em defesa da&nbsp;vida&nbsp;t\u00eam ocorrido em diferentes pa\u00edses da Am\u00e9rica Latina, trazendo em comum a express\u00e3o \u201cSalvemos as duas vidas\u201d e buscando deixar clara a posi\u00e7\u00e3o da popula\u00e7\u00e3o contra o&nbsp;aborto; tudo isso demonstra como se criou uma unidade pr\u00f3-vida latino-americana.<\/p>\n<p>A observa\u00e7\u00e3o foi feita por Mercedes Figueroa, mestre em Letras, com especialidade em Educa\u00e7\u00e3o Integral da Sexualidade e fundadora da Associa\u00e7\u00e3o Filhos da Luz. Segundo ela, \u201cas manifesta\u00e7\u00f5es populares j\u00e1 n\u00e3o s\u00e3o uma reclama\u00e7\u00e3o de um pa\u00eds isolado\u201d, mas \u201cfazem parte da \u2018onda celeste pr\u00f3-vida latino-americana\u2019, que cada vez ganha mais for\u00e7a\u201d.<\/p>\n<p>Nos \u00faltimos dias, v\u00e1rias cidades do Brasil foram palcos de manifesta\u00e7\u00f5es em defesa da vida, nas quais milhares de pessoas se uniram \u00e0 causa, como a marcha ocorrida no \u00faltimo dia 30 de setembro em S\u00e3o Paulo, quando mais de 15 mil manifestantes&nbsp; tomaram as ruas da capital paulista e, ao final, foi lido um \u201cmanifesto pelas duas vidas: da m\u00e3e e do seu filho\u201d, do Arcebispo Odilo Scherer.<\/p>\n<p>\u201cAs manifesta\u00e7\u00f5es e atos pr\u00f3-vida no Brasil acontecem h\u00e1 muito tempo\u201d, assinalou Figueroa, ressaltando que \u201ca Rede Nacional pela Vida \u00e9 uma organiza\u00e7\u00e3o de pessoas autoconvocadas que h\u00e1 anos organizam manifesta\u00e7\u00f5es a favor da vida, com o objetivo de conscientizar a popula\u00e7\u00e3o sobre proteger os nascituros e apoiar as gestantes em crise\u201d.<\/p>\n<p>Entretanto, observou, \u201cestas \u00faltimas manifesta\u00e7\u00f5es que se organizaram j\u00e1 expressam outra necessidade: que seja respeitada a autonomia do povo\u201d.<\/p>\n<p>Segundo ela, \u201ccada vez mais vemos que os interesses econ\u00f4micos e pol\u00edticos estrangeiros pressionam os pa\u00edses da Am\u00e9rica Latina para que legalizem o aborto, embora as pesquisas demonstrem que a maioria dos cidad\u00e3os preferem apoiar outras iniciativas e leis que visem salvar as duas vidas, a da m\u00e3e e a do beb\u00ea\u201d, o que se verifica tamb\u00e9m no Brasil.<\/p>\n<p>Nesse sentido, Mercedes Figueroa se referiu \u00e0 \u201conda celeste pr\u00f3-vida latino-americana\u201d que se espalhou pelo continente ap\u00f3s o debate e vota\u00e7\u00e3o do projeto de lei do aborto na Argentina.<\/p>\n<p>Neste pa\u00eds, o movimento \u201cpelas duas vidas\u201d ganhou o s\u00edmbolo do len\u00e7o azul, que levou \u00e0 conhecida \u201conda celeste\u201d, em contraposi\u00e7\u00e3o ao len\u00e7o verde usado pelos que defendiam a aprova\u00e7\u00e3o da lei do aborto. O simbolismo, ent\u00e3o, passou a ser adotado em diferentes pa\u00edses tamb\u00e9m como express\u00e3o dessa unidade pr\u00f3-vida.<\/p>\n<p>Assim, assinalou a especialista, verifica-se \u201cque os latino-americanos reagimos e estamos unidos. N\u00e3o vamos calar, pelo contr\u00e1rio, queremos dar voz \u00e0s gestantes em crise e \u00e0s crian\u00e7as em risco, porque queremos propor outra sociedade\u201d.<\/p>\n<p>\u201cSe outros pa\u00edses solucionaram a gravidez em crise com morte legal e protocolos de atendimento psiqui\u00e1trico p\u00f3s-aborto, como a Finl\u00e2ndia, os pa\u00edses da Am\u00e9rica do Sul preferimos apoiar leis que trabalhem educa\u00e7\u00e3o para prevenir a gravidez em crise e que orientem e apoiem mulheres nessa situa\u00e7\u00e3o\u201d, afirmou.<\/p>\n<p>Por isso, indicou que \u201cessa causa tem pulado fronteiras, cren\u00e7as e limites geogr\u00e1ficos, tem unido pessoas e povos, gerando uma irmandade popular que procura uma sociedade mais justa, apoiando a quem mais precisa\u201d.<\/p>\n<p><strong>Como agem os ativistas pr\u00f3-aborto na Am\u00e9rica Latina<\/strong><\/p>\n<p>Se por um lado observa-se a maior unidade entre os defensores da vida, Mercedes adverte que tamb\u00e9m os ativistas pr\u00f3-aborto atuam de modo articulado internacionalmente, trabalhando \u201ccom falsas estat\u00edsticas, monopolizando o discurso da m\u00eddia para desprestigiar quem se manifestasse a favor da vida, entre outras estrat\u00e9gias que caracterizam um jogo sujo, n\u00e3o democr\u00e1tico, mas manipulador\u201d.<\/p>\n<p>\u201cIsto que parece um cen\u00e1rio de fantasia fica evidenciado por exemplo nas exig\u00eancias da OCDE (Organiza\u00e7\u00e3o para o Com\u00e9rcio e Desenvolvimento Econ\u00f4mico), itens que Anistia Internacional lembrou publicamente no debate argentino entre os deputados, quando esclareceu que queriam pertencer \u00e0 essa organiza\u00e7\u00e3o que traria benef\u00edcios econ\u00f4micos ao pa\u00eds, mas, sem legalizar o aborto, isso n\u00e3o seria poss\u00edvel\u201d, indicou.<\/p>\n<p>Al\u00e9m disso, citou ainda como exemplo a atua\u00e7\u00e3o da multinacional do aborto Planned Parenthood, \u201cque tanto dinheiro investiu em pa\u00edses da Am\u00e9rica do Sul, como o Brasil\u201d.<\/p>\n<p>\u201cSendo a maior rede de cl\u00ednicas de aborto no mundo, v\u00ea nesta problem\u00e1tica social um cen\u00e1rio perfeito para ampliar seus neg\u00f3cios\u201d, pontuou e alertou que \u201cmuitas ONGs no Brasil recebem apoio econ\u00f4mico dela e muitos palestrantes pr\u00f3-aborto na Argentina s\u00e3o funcion\u00e1rios desta organiza\u00e7\u00e3o\u201d.<\/p>\n<p>Entretanto, assegurou, \u201cnem o dinheiro, nem o poder amedrontaram o povo que teve coragem de se manifestar e que cada vez ganha mais adeptos. As marchas pela vida s\u00e3o cada vez mais frequentes e convocam cada vez mais pessoas\u201d.<\/p>\n<p>Para Mercedes Figueroa, \u201cesta acordando uma consci\u00eancia de irmandade, uma uni\u00e3o entre os pa\u00edses do sul que est\u00e3o sendo afetados. Mas tamb\u00e9m, uma identidade latino-americana com orgulho\u201d.<\/p>\n<p>\u201cCada mulher em crise merece um espa\u00e7o de orienta\u00e7\u00e3o e apoio, cada vida humana vale a pena ser protegida e cada povo em democracia deve defend\u00ea-la. A Am\u00e9rica Latina est\u00e1 se unindo e a luta por defender a vida \u00e9 s\u00f3 o come\u00e7o\u201d, completou.(ACI Digital)<\/p>\n<p>Manifestantes na Marcha pela Vida em S\u00e3o Paulo, em 30 de setembro \/ Foto: Marcha pela Vida Brasil<\/p>\n<p>Por Natalia Zimbr\u00e3o<\/p>\n","protected":false},"excerpt":{"rendered":"<p>Recentemente, diversas manifesta\u00e7\u00f5es em defesa da&nbsp;vida&nbsp;t\u00eam ocorrido em diferentes pa\u00edses da Am\u00e9rica Latina, trazendo em comum a express\u00e3o \u201cSalvemos as duas vidas\u201d e buscando deixar clara a posi\u00e7\u00e3o da popula\u00e7\u00e3o contra o&nbsp;aborto; tudo isso demonstra como se criou uma unidade pr\u00f3-vida latino-americana. A observa\u00e7\u00e3o foi feita por Mercedes Figueroa, mestre em Letras, com especialidade em&nbsp;<\/p>\n<p><a class=\"btn btn-style\" href=\"http:\/\/portalcatolico.net\/portal\/america-latina-esta-unida-em-defesa-da-vida-garante-especialista\/\">Continue Reading<\/a><\/p>\n","protected":false},"author":2,"featured_media":59603,"comment_status":"open","ping_status":"open","sticky":false,"template":"","format":"standard","meta":{"footnotes":""},"categories":[5],"tags":[],"class_list":["post-59602","post","type-post","status-publish","format-standard","has-post-thumbnail","hentry","category-igreja_no_mundo"],"_links":{"self":[{"href":"http:\/\/portalcatolico.net\/portal\/wp-json\/wp\/v2\/posts\/59602","targetHints":{"allow":["GET"]}}],"collection":[{"href":"http:\/\/portalcatolico.net\/portal\/wp-json\/wp\/v2\/posts"}],"about":[{"href":"http:\/\/portalcatolico.net\/portal\/wp-json\/wp\/v2\/types\/post"}],"author":[{"embeddable":true,"href":"http:\/\/portalcatolico.net\/portal\/wp-json\/wp\/v2\/users\/2"}],"replies":[{"embeddable":true,"href":"http:\/\/portalcatolico.net\/portal\/wp-json\/wp\/v2\/comments?post=59602"}],"version-history":[{"count":1,"href":"http:\/\/portalcatolico.net\/portal\/wp-json\/wp\/v2\/posts\/59602\/revisions"}],"predecessor-version":[{"id":59604,"href":"http:\/\/portalcatolico.net\/portal\/wp-json\/wp\/v2\/posts\/59602\/revisions\/59604"}],"wp:featuredmedia":[{"embeddable":true,"href":"http:\/\/portalcatolico.net\/portal\/wp-json\/wp\/v2\/media\/59603"}],"wp:attachment":[{"href":"http:\/\/portalcatolico.net\/portal\/wp-json\/wp\/v2\/media?parent=59602"}],"wp:term":[{"taxonomy":"category","embeddable":true,"href":"http:\/\/portalcatolico.net\/portal\/wp-json\/wp\/v2\/categories?post=59602"},{"taxonomy":"post_tag","embeddable":true,"href":"http:\/\/portalcatolico.net\/portal\/wp-json\/wp\/v2\/tags?post=59602"}],"curies":[{"name":"wp","href":"https:\/\/api.w.org\/{rel}","templated":true}]}}