{"id":59502,"date":"2018-10-05T23:31:07","date_gmt":"2018-10-06T02:31:07","guid":{"rendered":"http:\/\/portalcatolico.net\/portal\/?p=59502"},"modified":"2018-10-06T16:48:47","modified_gmt":"2018-10-06T19:48:47","slug":"esta-clima-de-alegria-paroquia-nossa-senhora-aparecida-celebra-novenario-de-sua-padroeira","status":"publish","type":"post","link":"http:\/\/portalcatolico.net\/portal\/esta-clima-de-alegria-paroquia-nossa-senhora-aparecida-celebra-novenario-de-sua-padroeira\/","title":{"rendered":"Em clima de alegria, Par\u00f3quia Nossa Senhora  Aparecida celebra Noven\u00e1rio de sua padroeira"},"content":{"rendered":"<p style=\"font-weight: 400;\">Em todo o Brasil, acontecem os&nbsp;preparativos para homenagear Aparecida. E em Itabuna, n\u00e3o poderia ser&nbsp;diferente. A igreja que leva o nome da santa est\u00e1 em festa! Nesta sexta-feira, 05 de Outubro, aconteceu o 3\u00ba dia do&nbsp;Noven\u00e1rio em prepara\u00e7\u00e3o para a festa da Padroeira do Brasil&nbsp;que se realiza no pr\u00f3ximo dia 12.<\/p>\n<p style=\"font-weight: 400;\">&nbsp;A par\u00f3quia que&nbsp;fica situada no bairro Calif\u00f3rnia na cidade e Diocese de Itabuna est\u00e1 realizando santa missa todas noites, \u00e0s 19h. O tema central do Noven\u00e1rio \u00e9: &#8220;M\u00e3e&nbsp;Aparecida, ensina-nos a viver nossa miss\u00e3o de crist\u00e3os leigos e leigas&nbsp;na Igreja e na sociedade. Com o lema: &#8220;sal da terra e luz do mundo.&#8221;(MT&nbsp;5,13).<br \/>\n&nbsp; O subtema refletido desta IV noite foi: &#8220;Maria cheia de gra\u00e7a confirma&nbsp;&nbsp;em n\u00f3s a presen\u00e7a do Esp\u00edrito Santo.&#8221;&nbsp; E convidado especial para&nbsp;refletir o tema foi o padre Jose]\u00e9 Andrade da Par\u00f3quia Santo Ant\u00f4nio do mesmo&nbsp;bairro em Itabuna.<\/p>\n<p style=\"font-weight: 400;\">A celebra\u00e7\u00e3o da Santa Eucaristia foi sob a presid\u00eancia do Pe. Jos\u00e9&nbsp;Andrade e concelebra\u00e7\u00e3o por Ezequias Gon\u00e7alves, p\u00e1roco da Par\u00f3quia Nossa&nbsp;Senhora Aparecida. Na homilia, ele disse: &#8220;Imagine voc\u00ea, se n\u00f3s tiv\u00e9ssemos a capacidade de imitar Nossa Senhora em suas a\u00e7\u00f5es. Com certeza, seria um meio caminho andado para o Reino de Deus&#8221;<\/p>\n<p style=\"font-weight: 400;\">Os homenageados foram a (MECE-Ministros Extraordin\u00e1rio da Comunh\u00e3o&nbsp;Eucar\u00edstica) e Grupo dos Coroinhas.<br \/>\nA Par\u00f3quia convidada foi a&nbsp; Nossa Senhora da Concei\u00e7\u00e3o e Comunidade de Guadalupe.&nbsp;<br \/>\nOferta da noite, a\u00e7\u00facar e a b\u00ean\u00e7\u00e3o, \u00e1gua.<br \/>\n&nbsp; Vale ressaltar que o padre Ezequias est\u00e1 solicitando dos&nbsp;paroquianos e visitantes ao participar da noven\u00e1rio, para que levem brinquedos que ser\u00e3o distribu\u00eddos no dia das crian\u00e7as, 12 de outubro, &nbsp;para as crian\u00e7as do&nbsp; bairro Nova Calif\u00f3rnia em&nbsp;Itabuna.<br \/>\nOutra novidade \u00e9 que a imagem peregrina de Nossa Senhora Aparecida, est\u00e1 sendo levada, para a resid\u00eancia de uma fam\u00edlia a cada dia, atrav\u00e9s de um sorteio. A fam\u00edlia sorteada leva a imagem e faz ora\u00e7\u00f5es em sua resid\u00eancia.<\/p>\n<p style=\"font-weight: 400;\">Durante os nove dias, os organizadores&nbsp; da festa arrecadam mantimentos como:&nbsp;produtos de limpeza, higiene pessoal,&nbsp; alimentos n\u00e3o perec\u00edveis que&nbsp;ser\u00e3o revertidos para entidades sociais de Itabuna&nbsp; e regi\u00e3o.<\/p>\n<p>Texto e fotos:Portal Cat\u00f3lico.Net<\/p>\n<p>\u00c1lbuns de fotos.Clique <a href=\"http:\/\/portalcatolico.net\/portal\/novena-de-nossa-senhora-aparecida-em-itabuna\/\"><span style=\"color: #ff0000;\"><strong>AQUI<\/strong><\/span><\/a><\/p>\n","protected":false},"excerpt":{"rendered":"<p>Em todo o Brasil, acontecem os&nbsp;preparativos para homenagear Aparecida. E em Itabuna, n\u00e3o poderia ser&nbsp;diferente. A igreja que leva o nome da santa est\u00e1 em festa! Nesta sexta-feira, 05 de Outubro, aconteceu o 3\u00ba dia do&nbsp;Noven\u00e1rio em prepara\u00e7\u00e3o para a festa da Padroeira do Brasil&nbsp;que se realiza no pr\u00f3ximo dia 12. &nbsp;A par\u00f3quia que&nbsp;fica situada&nbsp;<\/p>\n<p><a class=\"btn btn-style\" href=\"http:\/\/portalcatolico.net\/portal\/esta-clima-de-alegria-paroquia-nossa-senhora-aparecida-celebra-novenario-de-sua-padroeira\/\">Continue Reading<\/a><\/p>\n","protected":false},"author":2,"featured_media":59503,"comment_status":"open","ping_status":"open","sticky":false,"template":"","format":"standard","meta":{"footnotes":""},"categories":[68],"tags":[],"class_list":["post-59502","post","type-post","status-publish","format-standard","has-post-thumbnail","hentry","category-homilias"],"_links":{"self":[{"href":"http:\/\/portalcatolico.net\/portal\/wp-json\/wp\/v2\/posts\/59502","targetHints":{"allow":["GET"]}}],"collection":[{"href":"http:\/\/portalcatolico.net\/portal\/wp-json\/wp\/v2\/posts"}],"about":[{"href":"http:\/\/portalcatolico.net\/portal\/wp-json\/wp\/v2\/types\/post"}],"author":[{"embeddable":true,"href":"http:\/\/portalcatolico.net\/portal\/wp-json\/wp\/v2\/users\/2"}],"replies":[{"embeddable":true,"href":"http:\/\/portalcatolico.net\/portal\/wp-json\/wp\/v2\/comments?post=59502"}],"version-history":[{"count":4,"href":"http:\/\/portalcatolico.net\/portal\/wp-json\/wp\/v2\/posts\/59502\/revisions"}],"predecessor-version":[{"id":59605,"href":"http:\/\/portalcatolico.net\/portal\/wp-json\/wp\/v2\/posts\/59502\/revisions\/59605"}],"wp:featuredmedia":[{"embeddable":true,"href":"http:\/\/portalcatolico.net\/portal\/wp-json\/wp\/v2\/media\/59503"}],"wp:attachment":[{"href":"http:\/\/portalcatolico.net\/portal\/wp-json\/wp\/v2\/media?parent=59502"}],"wp:term":[{"taxonomy":"category","embeddable":true,"href":"http:\/\/portalcatolico.net\/portal\/wp-json\/wp\/v2\/categories?post=59502"},{"taxonomy":"post_tag","embeddable":true,"href":"http:\/\/portalcatolico.net\/portal\/wp-json\/wp\/v2\/tags?post=59502"}],"curies":[{"name":"wp","href":"https:\/\/api.w.org\/{rel}","templated":true}]}}