{"id":59497,"date":"2018-10-05T06:33:52","date_gmt":"2018-10-05T09:33:52","guid":{"rendered":"http:\/\/portalcatolico.net\/portal\/?p=59497"},"modified":"2018-10-05T11:28:08","modified_gmt":"2018-10-05T14:28:08","slug":"paroquia-em-coaraci-prepara-festa-dos-50-anos-da-igreja-matriz","status":"publish","type":"post","link":"http:\/\/portalcatolico.net\/portal\/paroquia-em-coaraci-prepara-festa-dos-50-anos-da-igreja-matriz\/","title":{"rendered":"Par\u00f3quia em Coaraci prepara festa dos 50 anos da igreja matriz"},"content":{"rendered":"<p style=\"font-weight: 400;\">A Par\u00f3quia Nossa Senhora de Lourdes, pertencente \u00e0 Diocese de Ilh\u00e9us,&nbsp; inicia no dia 14 de&nbsp;outubro, as celebra\u00e7\u00f5es do Ano Jubilar de sua cria\u00e7\u00e3o. S\u00e3o 50 anos de evangeliza\u00e7\u00e3o na cidade de Coaraci (BA).<\/p>\n<p style=\"font-weight: 400;\">Com o tema central:&#8221;Jesus Cristo \u00e9 o mesmo ontem,hoje e sempre.&#8221;<\/p>\n<p style=\"font-weight: 400;\">As missas acontecer\u00e3o todas as noites, \u00e0s 19h. E a programa\u00e7\u00e3o segue at\u00e9 o dia 21 de outubro.<\/p>\n<p style=\"font-weight: 400;\">Vale ressaltar que os&nbsp;preparativos para esta grande festa, tiveram in\u00edcio em outubro de 2017, com v\u00e1rios momentos de&nbsp;evangeliza\u00e7\u00e3o na igreja matriz.<\/p>\n<p style=\"font-weight: 400;\">Leve seus amigos e familiares. Participe deste momento especial!<\/p>\n<p style=\"font-weight: 400;\">Em breve, voc\u00ea confere aqui, mais detalhes sobre a programa\u00e7\u00e3o.<\/p>\n<p>Texto:Portal Cat\u00f3lico.Net<\/p>\n","protected":false},"excerpt":{"rendered":"<p>A Par\u00f3quia Nossa Senhora de Lourdes, pertencente \u00e0 Diocese de Ilh\u00e9us,&nbsp; inicia no dia 14 de&nbsp;outubro, as celebra\u00e7\u00f5es do Ano Jubilar de sua cria\u00e7\u00e3o. S\u00e3o 50 anos de evangeliza\u00e7\u00e3o na cidade de Coaraci (BA). Com o tema central:&#8221;Jesus Cristo \u00e9 o mesmo ontem,hoje e sempre.&#8221; As missas acontecer\u00e3o todas as noites, \u00e0s 19h. E a&nbsp;<\/p>\n<p><a class=\"btn btn-style\" href=\"http:\/\/portalcatolico.net\/portal\/paroquia-em-coaraci-prepara-festa-dos-50-anos-da-igreja-matriz\/\">Continue Reading<\/a><\/p>\n","protected":false},"author":2,"featured_media":59498,"comment_status":"open","ping_status":"open","sticky":false,"template":"","format":"standard","meta":{"footnotes":""},"categories":[1],"tags":[],"class_list":["post-59497","post","type-post","status-publish","format-standard","has-post-thumbnail","hentry","category-agenda"],"_links":{"self":[{"href":"http:\/\/portalcatolico.net\/portal\/wp-json\/wp\/v2\/posts\/59497","targetHints":{"allow":["GET"]}}],"collection":[{"href":"http:\/\/portalcatolico.net\/portal\/wp-json\/wp\/v2\/posts"}],"about":[{"href":"http:\/\/portalcatolico.net\/portal\/wp-json\/wp\/v2\/types\/post"}],"author":[{"embeddable":true,"href":"http:\/\/portalcatolico.net\/portal\/wp-json\/wp\/v2\/users\/2"}],"replies":[{"embeddable":true,"href":"http:\/\/portalcatolico.net\/portal\/wp-json\/wp\/v2\/comments?post=59497"}],"version-history":[{"count":3,"href":"http:\/\/portalcatolico.net\/portal\/wp-json\/wp\/v2\/posts\/59497\/revisions"}],"predecessor-version":[{"id":59501,"href":"http:\/\/portalcatolico.net\/portal\/wp-json\/wp\/v2\/posts\/59497\/revisions\/59501"}],"wp:featuredmedia":[{"embeddable":true,"href":"http:\/\/portalcatolico.net\/portal\/wp-json\/wp\/v2\/media\/59498"}],"wp:attachment":[{"href":"http:\/\/portalcatolico.net\/portal\/wp-json\/wp\/v2\/media?parent=59497"}],"wp:term":[{"taxonomy":"category","embeddable":true,"href":"http:\/\/portalcatolico.net\/portal\/wp-json\/wp\/v2\/categories?post=59497"},{"taxonomy":"post_tag","embeddable":true,"href":"http:\/\/portalcatolico.net\/portal\/wp-json\/wp\/v2\/tags?post=59497"}],"curies":[{"name":"wp","href":"https:\/\/api.w.org\/{rel}","templated":true}]}}