{"id":59489,"date":"2018-10-04T20:57:19","date_gmt":"2018-10-04T23:57:19","guid":{"rendered":"http:\/\/portalcatolico.net\/portal\/?p=59489"},"modified":"2018-10-04T20:58:20","modified_gmt":"2018-10-04T23:58:20","slug":"o-hospital-em-que-os-funcionarios-rezam-pelos-pacientes-e-cuidadores","status":"publish","type":"post","link":"http:\/\/portalcatolico.net\/portal\/o-hospital-em-que-os-funcionarios-rezam-pelos-pacientes-e-cuidadores\/","title":{"rendered":"O hospital em que os funcion\u00e1rios rezam pelos pacientes e cuidadores"},"content":{"rendered":"<p class=\"subtitle\">Um lindo testemunho de f\u00e9 e esperan\u00e7a daqueles que t\u00eam a miss\u00e3o de salvar vidas<\/p>\n<p>O v\u00eddeo foi gravado no Hospital Covenant Health, no Texas, Estados Unidos, e esse tornou viral. Foi visto mais de tr\u00eas milh\u00f5es de vezes no Facebook e compartilhado cerca de 66 mil vezes na rede social. Muitos internautas, manifestadamente comovidos pela cena, expressaram surpresa e admira\u00e7\u00e3o diante testemunho de f\u00e9 na Divina Provid\u00eancia que estes profissionais da sa\u00fade demonstraram.<span class=\"Apple-converted-space\">&nbsp;<\/span><\/p>\n<p><b>Um momento de entrega dos pacientes a Deus<span class=\"Apple-converted-space\">&nbsp;<\/span><\/b><\/p>\n<p>As imagens mostram os funcion\u00e1rios do hospital (m\u00e9dicos, enfermeiros e pessoal de servi\u00e7os administrativo) no momento da ora\u00e7\u00e3o foi dia. De m\u00e3os dadas ou com bra\u00e7os estendidos, todos parecem unidos neste momento de f\u00e9. A emo\u00e7\u00e3o \u00e9 evidente.<span class=\"Apple-converted-space\">&nbsp;<\/span><\/p>\n<p>Uma mulher conduz a prece, confiando a Deus os doentes e suas fam\u00edlias. Ela tamb\u00e9m reza pelo corpo cl\u00ednico e administrativo do hospital. No final, todos proclamam o \u201cAm\u00e9m\u201d.<span class=\"Apple-converted-space\">&nbsp;(Aleteia)<\/span><\/p>\n<p>Uma bela maneira de colocar o que nos \u00e9 essencial nas m\u00e3os de Deus.<span class=\"Apple-converted-space\">&nbsp;Assista v\u00eddeo:&nbsp;<\/span><\/p>\n<p><iframe loading=\"lazy\"  id=\"_ytid_72938\"  width=\"480\" height=\"270\"  data-origwidth=\"480\" data-origheight=\"270\" src=\"https:\/\/www.youtube.com\/embed\/johKO1qpmUA?enablejsapi=1&#038;autoplay=0&#038;cc_load_policy=0&#038;cc_lang_pref=&#038;iv_load_policy=1&#038;loop=0&#038;rel=1&#038;fs=1&#038;playsinline=0&#038;autohide=2&#038;theme=dark&#038;color=red&#038;controls=1&#038;disablekb=0&#038;\" class=\"__youtube_prefs__  epyt-is-override  no-lazyload\" title=\"YouTube player\"  allow=\"fullscreen; accelerometer; autoplay; clipboard-write; encrypted-media; gyroscope; picture-in-picture; web-share\" referrerpolicy=\"strict-origin-when-cross-origin\" allowfullscreen data-no-lazy=\"1\" data-skipgform_ajax_framebjll=\"\"><\/iframe><\/p>\n","protected":false},"excerpt":{"rendered":"<p>Um lindo testemunho de f\u00e9 e esperan\u00e7a daqueles que t\u00eam a miss\u00e3o de salvar vidas O v\u00eddeo foi gravado no Hospital Covenant Health, no Texas, Estados Unidos, e esse tornou viral. Foi visto mais de tr\u00eas milh\u00f5es de vezes no Facebook e compartilhado cerca de 66 mil vezes na rede social. Muitos internautas, manifestadamente comovidos&nbsp;<\/p>\n<p><a class=\"btn btn-style\" href=\"http:\/\/portalcatolico.net\/portal\/o-hospital-em-que-os-funcionarios-rezam-pelos-pacientes-e-cuidadores\/\">Continue Reading<\/a><\/p>\n","protected":false},"author":2,"featured_media":59490,"comment_status":"open","ping_status":"open","sticky":false,"template":"","format":"standard","meta":{"footnotes":""},"categories":[5],"tags":[],"class_list":["post-59489","post","type-post","status-publish","format-standard","has-post-thumbnail","hentry","category-igreja_no_mundo"],"_links":{"self":[{"href":"http:\/\/portalcatolico.net\/portal\/wp-json\/wp\/v2\/posts\/59489","targetHints":{"allow":["GET"]}}],"collection":[{"href":"http:\/\/portalcatolico.net\/portal\/wp-json\/wp\/v2\/posts"}],"about":[{"href":"http:\/\/portalcatolico.net\/portal\/wp-json\/wp\/v2\/types\/post"}],"author":[{"embeddable":true,"href":"http:\/\/portalcatolico.net\/portal\/wp-json\/wp\/v2\/users\/2"}],"replies":[{"embeddable":true,"href":"http:\/\/portalcatolico.net\/portal\/wp-json\/wp\/v2\/comments?post=59489"}],"version-history":[{"count":3,"href":"http:\/\/portalcatolico.net\/portal\/wp-json\/wp\/v2\/posts\/59489\/revisions"}],"predecessor-version":[{"id":59493,"href":"http:\/\/portalcatolico.net\/portal\/wp-json\/wp\/v2\/posts\/59489\/revisions\/59493"}],"wp:featuredmedia":[{"embeddable":true,"href":"http:\/\/portalcatolico.net\/portal\/wp-json\/wp\/v2\/media\/59490"}],"wp:attachment":[{"href":"http:\/\/portalcatolico.net\/portal\/wp-json\/wp\/v2\/media?parent=59489"}],"wp:term":[{"taxonomy":"category","embeddable":true,"href":"http:\/\/portalcatolico.net\/portal\/wp-json\/wp\/v2\/categories?post=59489"},{"taxonomy":"post_tag","embeddable":true,"href":"http:\/\/portalcatolico.net\/portal\/wp-json\/wp\/v2\/tags?post=59489"}],"curies":[{"name":"wp","href":"https:\/\/api.w.org\/{rel}","templated":true}]}}