{"id":59486,"date":"2018-10-04T20:47:33","date_gmt":"2018-10-04T23:47:33","guid":{"rendered":"http:\/\/portalcatolico.net\/portal\/?p=59486"},"modified":"2018-10-04T20:47:33","modified_gmt":"2018-10-04T23:47:33","slug":"a-mensagem-da-virgem-de-fatima-sobre-o-poder-do-santo-rosario","status":"publish","type":"post","link":"http:\/\/portalcatolico.net\/portal\/a-mensagem-da-virgem-de-fatima-sobre-o-poder-do-santo-rosario\/","title":{"rendered":"A mensagem da Virgem de F\u00e1tima sobre o poder do Santo Ros\u00e1rio"},"content":{"rendered":"<p>A mensagem da Virgem de F\u00e1tima sobre o poder do Santo Ros\u00e1rio come\u00e7a desde o primeiro dia das apari\u00e7\u00f5es, 13 de maio de 1917.<\/p>\n<p>Naquela ocasi\u00e3o, L\u00facia perguntou se ela e Jacinta iriam ao c\u00e9u e a Virgem confirmou que sim, mas quando perguntou por Francisco, a M\u00e3e de Deus respondeu: \u201cTamb\u00e9m ir\u00e1, mas tem que rezar antes muitos ros\u00e1rios\u201d.<\/p>\n<p>A Virgem de F\u00e1tima, naquela ocasi\u00e3o, abriu suas m\u00e3os e comunicou aos tr\u00eas uma luz divina muito intensa. Eles ca\u00edram de joelhos e adoraram a Sant\u00edssima Trindade e o Sant\u00edssimo Sacramento. Depois, a Virgem assinalou: \u201cRezem o Ros\u00e1rio todos os dias para alcan\u00e7ar a paz no mundo e o fim da guerra\u201d.<\/p>\n<p>Na segunda apari\u00e7\u00e3o, a&nbsp;Virgem Maria&nbsp;apareceu depois que eles rezaram o Santo Ros\u00e1rio. E na terceira ocasi\u00e3o, Nossa Senhora lhes disse: \u201cQuando rezarem o Ros\u00e1rio, digam depois de cada mist\u00e9rio: \u2018Meu Jesus, perdoai-nos, livrai-nos do fogo do inferno, levai todas as almas ao c\u00e9u, especialmente as mais necessitadas\u2019\u201d.<\/p>\n<p>Para a quarta apari\u00e7\u00e3o, muitos j\u00e1 sabiam das apari\u00e7\u00f5es da Virgem aos pastorinhos. Ent\u00e3o, Jacinta perguntou \u00e0 M\u00e3e de Deus o que queria que se fizesse com o dinheiro que as pessoas deixavam na Cova de Iria. A Virgem lhes indicou que o dinheiro era para a Festa de Nossa Senhora do Ros\u00e1rio e que o restante era para uma capela que se devia construir.<\/p>\n<p>Mais adiante, tomando um aspecto muito triste, a Virgem lhes manifestou: \u201cRezem, rezem muito e fa\u00e7am sacrif\u00edcios pelos pecadores, porque muitas almas v\u00e3o ao inferno por n\u00e3o ter quem se sacrifique e reze por elas\u201d.<\/p>\n<p>No dia da quinta apari\u00e7\u00e3o, as crian\u00e7as conseguiram chegar \u00e0 Cova de Iria com dificuldade, devido \u00e0s milhares de pessoas que lhes pediam que apresentassem suas necessidades a Nossa Senhora. Os pastorinhos rezaram o Ros\u00e1rio com as pessoas e a Virgem, ao aparecer-lhes, animou novamente as crian\u00e7as a continuar rezando o Santo Ros\u00e1rio para alcan\u00e7ar o fim da guerra.<\/p>\n<p>Na \u00faltima apari\u00e7\u00e3o, antes de produzir o famoso milagre do sol, no qual o astro pareceu desprender-se do c\u00e9u e cair sobre a multid\u00e3o, a M\u00e3e de Deus pediu que fizessem naquele lugar uma capela em sua honra e apresentou-se como a \u201cSenhora do Ros\u00e1rio\u201d.<\/p>\n<p>Posteriormente, tomando um aspecto mais triste, disse: \u201cQue n\u00e3o se ofenda mais a Deus Nosso Senhor, que j\u00e1 \u00e9 muito ofendido\u201d. Isto aconteceu em 13 de outubro de 1917.(ACI)<\/p>\n","protected":false},"excerpt":{"rendered":"<p>A mensagem da Virgem de F\u00e1tima sobre o poder do Santo Ros\u00e1rio come\u00e7a desde o primeiro dia das apari\u00e7\u00f5es, 13 de maio de 1917. Naquela ocasi\u00e3o, L\u00facia perguntou se ela e Jacinta iriam ao c\u00e9u e a Virgem confirmou que sim, mas quando perguntou por Francisco, a M\u00e3e de Deus respondeu: \u201cTamb\u00e9m ir\u00e1, mas tem&nbsp;<\/p>\n<p><a class=\"btn btn-style\" href=\"http:\/\/portalcatolico.net\/portal\/a-mensagem-da-virgem-de-fatima-sobre-o-poder-do-santo-rosario\/\">Continue Reading<\/a><\/p>\n","protected":false},"author":2,"featured_media":59487,"comment_status":"open","ping_status":"open","sticky":false,"template":"","format":"standard","meta":{"footnotes":""},"categories":[5],"tags":[],"class_list":["post-59486","post","type-post","status-publish","format-standard","has-post-thumbnail","hentry","category-igreja_no_mundo"],"_links":{"self":[{"href":"http:\/\/portalcatolico.net\/portal\/wp-json\/wp\/v2\/posts\/59486","targetHints":{"allow":["GET"]}}],"collection":[{"href":"http:\/\/portalcatolico.net\/portal\/wp-json\/wp\/v2\/posts"}],"about":[{"href":"http:\/\/portalcatolico.net\/portal\/wp-json\/wp\/v2\/types\/post"}],"author":[{"embeddable":true,"href":"http:\/\/portalcatolico.net\/portal\/wp-json\/wp\/v2\/users\/2"}],"replies":[{"embeddable":true,"href":"http:\/\/portalcatolico.net\/portal\/wp-json\/wp\/v2\/comments?post=59486"}],"version-history":[{"count":1,"href":"http:\/\/portalcatolico.net\/portal\/wp-json\/wp\/v2\/posts\/59486\/revisions"}],"predecessor-version":[{"id":59488,"href":"http:\/\/portalcatolico.net\/portal\/wp-json\/wp\/v2\/posts\/59486\/revisions\/59488"}],"wp:featuredmedia":[{"embeddable":true,"href":"http:\/\/portalcatolico.net\/portal\/wp-json\/wp\/v2\/media\/59487"}],"wp:attachment":[{"href":"http:\/\/portalcatolico.net\/portal\/wp-json\/wp\/v2\/media?parent=59486"}],"wp:term":[{"taxonomy":"category","embeddable":true,"href":"http:\/\/portalcatolico.net\/portal\/wp-json\/wp\/v2\/categories?post=59486"},{"taxonomy":"post_tag","embeddable":true,"href":"http:\/\/portalcatolico.net\/portal\/wp-json\/wp\/v2\/tags?post=59486"}],"curies":[{"name":"wp","href":"https:\/\/api.w.org\/{rel}","templated":true}]}}