{"id":59483,"date":"2018-10-04T00:58:06","date_gmt":"2018-10-04T03:58:06","guid":{"rendered":"http:\/\/portalcatolico.net\/portal\/?p=59483"},"modified":"2018-10-03T22:59:33","modified_gmt":"2018-10-04T01:59:33","slug":"4-de-outubro-dia-de-sao-francisco-de-assis","status":"publish","type":"post","link":"http:\/\/portalcatolico.net\/portal\/4-de-outubro-dia-de-sao-francisco-de-assis\/","title":{"rendered":"4 de outubro: dia de S\u00e3o Francisco de Assis!"},"content":{"rendered":"<p>O Papa Jo\u00e3o Paulo II, no ano de 1979, proclamou S\u00e3o Francisco de Assis o santo patrono dos ecologistas. \u00c9 tamb\u00e9m patrono da cidade de Assis, na It\u00e1lia.<\/p>\n<p>Al\u00e9m disso, ele \u00e9 considerado o santo protetor dos animais, das pessoas pobres e carentes e da natureza Giovanni di Pietro di Bernardone, conhecido como S\u00e3o Francisco de Assis, nascido em Assis, no dia 5 de julho de 1182 e falecido em 3 de outubro de 1226, mas sepultado em 4 de Outubro, foi um frade cat\u00f3lico da It\u00e1lia. S\u00e3o Francisco de Assis nasceu em Assis, It\u00e1lia, em 1182. Era filho de Pedro Bernardone, um rico comerciante, e Pia, de fam\u00edlia nobre da Proven\u00e7a.<\/p>\n<p>Na juventude, Francisco era muito rico e esbanjava dinheiro com ostenta\u00e7\u00f5es. Por\u00e9m, os neg\u00f3cios de seu pai n\u00e3o lhe despertaram interesse, muito menos os estudos. O que ele queria mesmo era se divertir. Por\u00e9m, S\u00e3o Boaventura, seu contempor\u00e2neo, escreveu sobre ele: &#8220;Mas, com o aux\u00edlio divino, jamais se deixou levar pelo ardor das paix\u00f5es que dominavam os jovens de sua companhia&#8221;. Na juventude de Francisco, por volta de seus vinte anos, uma guerra come\u00e7ou entre as cidades italianas chamadas Perugia e Assis. Ele queria combater em Espoleto, entre Assis e Roma, mas caiu enfermo. Durante a doen\u00e7a, Francisco ouviu uma voz sobrenatural. Esta lhe pedia para ele &#8220;servir ao amor e ao Servo&#8221;. Pouco a pouco, com muita ora\u00e7\u00e3o, Francisco sentiu em seu cora\u00e7\u00e3o a necessidade de vender seus bens e &#8220;comprar a p\u00e9rola preciosa&#8221; sobre a qual ele lera no Evangelho. Certa vez, ao encontrar um leproso, apesar da repulsa natural, venceu sua vontade e beijou o doente.<\/p>\n<p>Foi um gesto movido pelo Esp\u00edrito Santo. A partir desse momento, ele passou a fazer visitas e a servir aos doentes que sem encontravam nos hospitais. Aos pobres, presenteava com suas pr\u00f3prias roupas e tamb\u00e9m com o dinheiro que tivesse no momento. Francisco come\u00e7ou a anunciar a verdade, no ardor do Esp\u00edrito de Cristo. Convidou outros a se associarem a ele na busca da perfeita santidade, insistindo para que levassem uma vida de penit\u00eancia. Alguns come\u00e7aram a praticar a penit\u00eancia e em seguida se associaram a ele, partilhando a mesma vida. O humilde S\u00e3o Francisco de Assis decidiu que eles se chamariam Frades Menores.<\/p>\n<p>Surgiram assim os primeiros 12 disc\u00edpulos que, segundo registram alguns documentos, &#8220;foram homens de t\u00e3o grande santidade que, desde os Ap\u00f3stolos at\u00e9 hoje, n\u00e3o viu o mundo homens t\u00e3o maravilhosos e santos&#8221;. O pr\u00f3prio Francisco disse em testamento: &#8220;Aqueles que vinham abra\u00e7ar esta vida, distribu\u00edam aos pobres tudo o que tinham. Contentavam-se s\u00f3 com uma t\u00fanica, uma corda e um par de cal\u00e7\u00f5es, e n\u00e3o queriam mais nada&#8221;. Os novos ap\u00f3stolos reuniram-se em torno da pequena igreja da Porci\u00fancula, ou Santa Maria dos Anjos, que passou a ser o ber\u00e7o da Ordem. A proximidade de Francisco com a natureza sempre foi a faceta mais conhecida deste santo. Seu amor universalista abrangia toda a Cria\u00e7\u00e3o, e simbolizava um retorno a um estado de inoc\u00eancia, como Ad\u00e3o e Eva no Jardim do \u00c9den. No ver\u00e3o de 1225, Francisco esteve t\u00e3o enfermo, que o cardeal Ugolino e o irm\u00e3o Elias o levaram ao m\u00e9dico do Papa, em Rieti. S\u00e3o Francisco de Assis perguntou a verdade e lhe dissessem que lhe restava apenas umas semanas de vida. &#8220;Bem vinda, irm\u00e3 Morte!&#8221;, exclamou o santo.<\/p>\n<p>Em seguida pediu para ser levado \u00e0 Porci\u00fancula. Morreu no dia tr\u00eas de outubro de 1226, com menos de 45 anos, depois de escutar a leitura da Paix\u00e3o do Senhor. Ele queria ser sepultado no cemit\u00e9rio dos criminosos, mas seus irm\u00e3os o levaram em solene prociss\u00e3o \u00e0 Igreja de S\u00e3o Jorge, em Assis. Ali esteve depositado at\u00e9 dois anos depois da canoniza\u00e7\u00e3o. Em 1230, foi secretamente trasladado \u00e0 grande bas\u00edlica constru\u00edda pelo irm\u00e3o Elias. Ele foi canonizado apenas dois anos depois da morte, em 1228, pelo Papa Greg\u00f3rio IX.<\/p>\n<p>Foto:Acervo\/Portal Cat\u00f3lico.Net<\/p>\n","protected":false},"excerpt":{"rendered":"<p>O Papa Jo\u00e3o Paulo II, no ano de 1979, proclamou S\u00e3o Francisco de Assis o santo patrono dos ecologistas. \u00c9 tamb\u00e9m patrono da cidade de Assis, na It\u00e1lia. Al\u00e9m disso, ele \u00e9 considerado o santo protetor dos animais, das pessoas pobres e carentes e da natureza Giovanni di Pietro di Bernardone, conhecido como S\u00e3o Francisco&nbsp;<\/p>\n<p><a class=\"btn btn-style\" href=\"http:\/\/portalcatolico.net\/portal\/4-de-outubro-dia-de-sao-francisco-de-assis\/\">Continue Reading<\/a><\/p>\n","protected":false},"author":2,"featured_media":59484,"comment_status":"open","ping_status":"open","sticky":false,"template":"","format":"standard","meta":{"footnotes":""},"categories":[69],"tags":[],"class_list":["post-59483","post","type-post","status-publish","format-standard","has-post-thumbnail","hentry","category-artigos"],"_links":{"self":[{"href":"http:\/\/portalcatolico.net\/portal\/wp-json\/wp\/v2\/posts\/59483","targetHints":{"allow":["GET"]}}],"collection":[{"href":"http:\/\/portalcatolico.net\/portal\/wp-json\/wp\/v2\/posts"}],"about":[{"href":"http:\/\/portalcatolico.net\/portal\/wp-json\/wp\/v2\/types\/post"}],"author":[{"embeddable":true,"href":"http:\/\/portalcatolico.net\/portal\/wp-json\/wp\/v2\/users\/2"}],"replies":[{"embeddable":true,"href":"http:\/\/portalcatolico.net\/portal\/wp-json\/wp\/v2\/comments?post=59483"}],"version-history":[{"count":1,"href":"http:\/\/portalcatolico.net\/portal\/wp-json\/wp\/v2\/posts\/59483\/revisions"}],"predecessor-version":[{"id":59485,"href":"http:\/\/portalcatolico.net\/portal\/wp-json\/wp\/v2\/posts\/59483\/revisions\/59485"}],"wp:featuredmedia":[{"embeddable":true,"href":"http:\/\/portalcatolico.net\/portal\/wp-json\/wp\/v2\/media\/59484"}],"wp:attachment":[{"href":"http:\/\/portalcatolico.net\/portal\/wp-json\/wp\/v2\/media?parent=59483"}],"wp:term":[{"taxonomy":"category","embeddable":true,"href":"http:\/\/portalcatolico.net\/portal\/wp-json\/wp\/v2\/categories?post=59483"},{"taxonomy":"post_tag","embeddable":true,"href":"http:\/\/portalcatolico.net\/portal\/wp-json\/wp\/v2\/tags?post=59483"}],"curies":[{"name":"wp","href":"https:\/\/api.w.org\/{rel}","templated":true}]}}