{"id":59478,"date":"2018-10-03T21:34:25","date_gmt":"2018-10-04T00:34:25","guid":{"rendered":"http:\/\/portalcatolico.net\/portal\/?p=59478"},"modified":"2018-10-03T21:36:39","modified_gmt":"2018-10-04T00:36:39","slug":"vem-ai-o-vii-congresso-diocesano-da-rcc","status":"publish","type":"post","link":"http:\/\/portalcatolico.net\/portal\/vem-ai-o-vii-congresso-diocesano-da-rcc\/","title":{"rendered":"Vem a\u00ed o VII Congresso Diocesano da RCC"},"content":{"rendered":"<div dir=\"auto\">A Renova\u00e7\u00e3o Carism\u00e1tica Cat\u00f3lico (RCC) da Diocese de Itabuna, no munic\u00edpio sul baiano, realizar\u00e1 nos dias 13 e 14 de outubro, no espa\u00e7o de evento da Terceira Via Hall, que fica situada no bairro Lomanto, o VII Congresso Diocesano &#8220;RCC&#8221;.&nbsp;<\/div>\n<div dir=\"auto\">O tema a ser refletido para este ano \u00e9: &#8220;Eis que estou a porta e bato&#8221; (Ap 3.20).&nbsp;<\/div>\n<div dir=\"auto\">O Congresso Contar\u00e1 ainda com as presen\u00e7as de Ivan Moraes, da Arquidiocese de Bras\u00edlia (DF) assim como do Coordenador Regional da RCC \u2013 Bahia, Frederico Mastroangelo, Dom Carlos Alberto dos Santos, bispo da Diocese de Itabuna, Pe. Gilvan Oliveira-Assessor Eclesi\u00e1stico da RCC e o Presidente da RCC da Diocese de Itabuna Alessandro Nonato.&nbsp;<\/div>\n<div dir=\"auto\">As inscri\u00e7\u00f5es custar\u00e3o R$30,00 e&nbsp; poder\u00e3o ser feitas pelo site: <a href=\"http:\/\/www.rccitabuna.com.br\">www.rccitabuna.com.br<\/a><\/div>\n<div dir=\"auto\">O Congresso Diocesano tem por objetivo proporcionar a todos os servos e leigos, forma\u00e7\u00e3o espiritualidade e direcionamento nos seus trabalhos e nos seus respectivos grupos, auxiliando a lideran\u00e7a nas mo\u00e7\u00f5es prof\u00e9ticas.&nbsp;<\/div>\n<div dir=\"auto\">O congresso \u00e9 uma oportunidade de experi\u00eancia e um novo pentecoste, sendo uma grande sala do Cen\u00e1culo que acolher\u00e1 a todos, inclusivo, as crian\u00e7as, que ter\u00e3o um espa\u00e7o reservado para elas no &#8220;Congressinho&#8221;.<\/div>\n<div dir=\"auto\">&nbsp;<\/div>\n<div dir=\"auto\">Texto:Portal Cat\u00f3lico.Net<\/div>\n<div dir=\"auto\">&nbsp;<\/div>\n<div dir=\"auto\">Informa\u00e7\u00f5es: RCC-Diocese de Itabuna<\/div>\n","protected":false},"excerpt":{"rendered":"<p>A Renova\u00e7\u00e3o Carism\u00e1tica Cat\u00f3lico (RCC) da Diocese de Itabuna, no munic\u00edpio sul baiano, realizar\u00e1 nos dias 13 e 14 de outubro, no espa\u00e7o de evento da Terceira Via Hall, que fica situada no bairro Lomanto, o VII Congresso Diocesano &#8220;RCC&#8221;.&nbsp; O tema a ser refletido para este ano \u00e9: &#8220;Eis que estou a porta e&nbsp;<\/p>\n<p><a class=\"btn btn-style\" href=\"http:\/\/portalcatolico.net\/portal\/vem-ai-o-vii-congresso-diocesano-da-rcc\/\">Continue Reading<\/a><\/p>\n","protected":false},"author":2,"featured_media":59479,"comment_status":"open","ping_status":"open","sticky":false,"template":"","format":"standard","meta":{"footnotes":""},"categories":[1],"tags":[],"class_list":["post-59478","post","type-post","status-publish","format-standard","has-post-thumbnail","hentry","category-agenda"],"_links":{"self":[{"href":"http:\/\/portalcatolico.net\/portal\/wp-json\/wp\/v2\/posts\/59478","targetHints":{"allow":["GET"]}}],"collection":[{"href":"http:\/\/portalcatolico.net\/portal\/wp-json\/wp\/v2\/posts"}],"about":[{"href":"http:\/\/portalcatolico.net\/portal\/wp-json\/wp\/v2\/types\/post"}],"author":[{"embeddable":true,"href":"http:\/\/portalcatolico.net\/portal\/wp-json\/wp\/v2\/users\/2"}],"replies":[{"embeddable":true,"href":"http:\/\/portalcatolico.net\/portal\/wp-json\/wp\/v2\/comments?post=59478"}],"version-history":[{"count":3,"href":"http:\/\/portalcatolico.net\/portal\/wp-json\/wp\/v2\/posts\/59478\/revisions"}],"predecessor-version":[{"id":59482,"href":"http:\/\/portalcatolico.net\/portal\/wp-json\/wp\/v2\/posts\/59478\/revisions\/59482"}],"wp:featuredmedia":[{"embeddable":true,"href":"http:\/\/portalcatolico.net\/portal\/wp-json\/wp\/v2\/media\/59479"}],"wp:attachment":[{"href":"http:\/\/portalcatolico.net\/portal\/wp-json\/wp\/v2\/media?parent=59478"}],"wp:term":[{"taxonomy":"category","embeddable":true,"href":"http:\/\/portalcatolico.net\/portal\/wp-json\/wp\/v2\/categories?post=59478"},{"taxonomy":"post_tag","embeddable":true,"href":"http:\/\/portalcatolico.net\/portal\/wp-json\/wp\/v2\/tags?post=59478"}],"curies":[{"name":"wp","href":"https:\/\/api.w.org\/{rel}","templated":true}]}}