{"id":59469,"date":"2018-10-03T11:16:13","date_gmt":"2018-10-03T14:16:13","guid":{"rendered":"http:\/\/portalcatolico.net\/portal\/?p=59469"},"modified":"2018-10-03T21:16:34","modified_gmt":"2018-10-04T00:16:34","slug":"paroquias-dedicadas-a-sao-francisco-preparam-celebracao-ao-padroeiro","status":"publish","type":"post","link":"http:\/\/portalcatolico.net\/portal\/paroquias-dedicadas-a-sao-francisco-preparam-celebracao-ao-padroeiro\/","title":{"rendered":"Par\u00f3quias dedicadas a S\u00e3o Francisco preparam celebra\u00e7\u00e3o ao padroeiro"},"content":{"rendered":"<div class=\"noticias-single__description visible-lg\">Veja o que planejou a Arquidiocese de Salvador para a data<\/div>\n<div class=\"noticias-single__content\">\n<div class=\"noticias-single__content__text js-mediator-article\">\n<p class=\"bodytext\">Acontece nesta quinta-feira (4) a festa de S\u00e3o Francisco de Assis, o santo protetor dos animais, com programa\u00e7\u00e3o especial da nas par\u00f3quias dedicadas a ele em Salvador. Veja o que planejou a Arquiocese de Salvador:<\/p>\n<p class=\"bodytext\"><strong>Boca do Rio<\/strong><\/p>\n<p>At\u00e9 a noite de hoje, a&nbsp;a Par\u00f3quia S\u00e3o Francisco de Assis (rua Abelardo Andrade de Carvalho, s\/n, Boca do Rio) realiza o noven\u00e1rio, que teve in\u00edcio no dia 25 de setembro, com Missa \u00e0s 19h, em prepara\u00e7\u00e3o \u00e0 festa do padroeiro, que este ano tem como tema central \u201cCaminhando com S\u00e3o Francisco h\u00e1 50 anos sendo sal e luz do mundo\u201d.<\/p>\n<p class=\"bodytext\">A cada noite, os fi\u00e9is s\u00e3o convidados a participar de gestos concretos por meio da doa\u00e7\u00e3o de: copo descart\u00e1vel (1\u00aa noite), material de limpeza (2\u00aa noite), fralda geri\u00e1trica (3\u00aa noite), arroz (4\u00aa noite), macarr\u00e3o e \u00f3leo (5\u00aa noite), a\u00e7\u00facar (6\u00aa noite), farinha (7\u00aa noite), feij\u00e3o (8\u00aa noite), caf\u00e9 e leite em p\u00f3 (9\u00aa noite).<\/p>\n<p class=\"bodytext\">No dia festivo (4) haver\u00e1 alvorada \u00e0s 6h em todas as comunidades; Missas \u00e0s 7h, 11h e 16h; \u00e0s 8h acontecer\u00e1 o caf\u00e9 da manh\u00e3 partilhado e \u00e0s 10h ser\u00e1 a b\u00ean\u00e7\u00e3o dos animais. A partir das 14h30 a comunidade participa da adora\u00e7\u00e3o ao Sant\u00edssimo Sacramento. A Missa Solene ser\u00e1 presidida pelo bispo auxiliar da Arquidiocese de Salvador, Dom Marco Eug\u00eanio Galr\u00e3o Leite de Almeida, \u00e0s 19h30.<\/p>\n<p class=\"bodytext\"><strong>Saramandaia<\/strong><br \/>\nCom o tema \u201cSenhor, fazei de mim sal da terra e luz do mundo\u201d, os fi\u00e9is da Par\u00f3quia S\u00e3o Francisco de Assis (Rua da Horta, 179E, Saramadaia) tamb\u00e9m se preparam para a festa do padroeiro. At\u00e9 esta quarta-feira, 3 de outubro, a comunidade paroquial participa do noven\u00e1rio, \u00e0s 19h30, na Matriz. O noven\u00e1rio tamb\u00e9m teve in\u00edcio no dia 25 de setembro.<\/p>\n<p class=\"bodytext\">No dia dedicado a S\u00e3o Francisco de Assis (4) a programa\u00e7\u00e3o conta com alvorada \u00e0s 6h; recita\u00e7\u00e3o do Of\u00edcio da Imaculada Concei\u00e7\u00e3o, seguida de caf\u00e9 da manh\u00e3 partilhado. Ao meio dia a comunidade far\u00e1 a ora\u00e7\u00e3o do \u00c2ngelus e \u00e0s 15h a recita\u00e7\u00e3o do Ter\u00e7o da Miseric\u00f3rdia. A b\u00ean\u00e7\u00e3o dos animais acontecer\u00e1 \u00e0s 16h. J\u00e1 \u00e0s 18h ter\u00e1 in\u00edcio o Of\u00edcio de S\u00e3o Francisco de Assis. Os fi\u00e9is<\/p>\n<p class=\"bodytext\">participam, ainda, de uma prociss\u00e3o, a partir das 18h30, pelas principais ruas do bairro. A Missa Solene ter\u00e1 in\u00edcio \u00e0s 19h30.<\/p>\n<p class=\"bodytext\"><strong>No Rio Vermelho<\/strong><br \/>\nA Par\u00f3quia Sant\u2019Ana, no Rio Vermelho, tamb\u00e9m celebra a festa de S\u00e3o Francisco de Assis no dia 4 de outubro. \u00c0s 7h ser\u00e1 celebrada a Missa em honra ao santo conhecido como o protetor dos animais. Nesta Celebra\u00e7\u00e3o Eucar\u00edstica os bichinhos de estima\u00e7\u00e3o ser\u00e3o aben\u00e7oados.<\/p>\n<p class=\"bodytext\">Mais informa\u00e7\u00f5es pelo telefone (71) 3335-2012.<\/p>\n<\/div>\n<\/div>\n","protected":false},"excerpt":{"rendered":"<p>Veja o que planejou a Arquidiocese de Salvador para a data Acontece nesta quinta-feira (4) a festa de S\u00e3o Francisco de Assis, o santo protetor dos animais, com programa\u00e7\u00e3o especial da nas par\u00f3quias dedicadas a ele em Salvador. Veja o que planejou a Arquiocese de Salvador: Boca do Rio At\u00e9 a noite de hoje, a&nbsp;a&nbsp;<\/p>\n<p><a class=\"btn btn-style\" href=\"http:\/\/portalcatolico.net\/portal\/paroquias-dedicadas-a-sao-francisco-preparam-celebracao-ao-padroeiro\/\">Continue Reading<\/a><\/p>\n","protected":false},"author":2,"featured_media":59470,"comment_status":"open","ping_status":"open","sticky":false,"template":"","format":"standard","meta":{"footnotes":""},"categories":[1],"tags":[],"class_list":["post-59469","post","type-post","status-publish","format-standard","has-post-thumbnail","hentry","category-agenda"],"_links":{"self":[{"href":"http:\/\/portalcatolico.net\/portal\/wp-json\/wp\/v2\/posts\/59469","targetHints":{"allow":["GET"]}}],"collection":[{"href":"http:\/\/portalcatolico.net\/portal\/wp-json\/wp\/v2\/posts"}],"about":[{"href":"http:\/\/portalcatolico.net\/portal\/wp-json\/wp\/v2\/types\/post"}],"author":[{"embeddable":true,"href":"http:\/\/portalcatolico.net\/portal\/wp-json\/wp\/v2\/users\/2"}],"replies":[{"embeddable":true,"href":"http:\/\/portalcatolico.net\/portal\/wp-json\/wp\/v2\/comments?post=59469"}],"version-history":[{"count":2,"href":"http:\/\/portalcatolico.net\/portal\/wp-json\/wp\/v2\/posts\/59469\/revisions"}],"predecessor-version":[{"id":59472,"href":"http:\/\/portalcatolico.net\/portal\/wp-json\/wp\/v2\/posts\/59469\/revisions\/59472"}],"wp:featuredmedia":[{"embeddable":true,"href":"http:\/\/portalcatolico.net\/portal\/wp-json\/wp\/v2\/media\/59470"}],"wp:attachment":[{"href":"http:\/\/portalcatolico.net\/portal\/wp-json\/wp\/v2\/media?parent=59469"}],"wp:term":[{"taxonomy":"category","embeddable":true,"href":"http:\/\/portalcatolico.net\/portal\/wp-json\/wp\/v2\/categories?post=59469"},{"taxonomy":"post_tag","embeddable":true,"href":"http:\/\/portalcatolico.net\/portal\/wp-json\/wp\/v2\/tags?post=59469"}],"curies":[{"name":"wp","href":"https:\/\/api.w.org\/{rel}","templated":true}]}}