{"id":59464,"date":"2018-10-03T06:14:07","date_gmt":"2018-10-03T09:14:07","guid":{"rendered":"http:\/\/portalcatolico.net\/portal\/?p=59464"},"modified":"2018-10-03T06:18:28","modified_gmt":"2018-10-03T09:18:28","slug":"paroquia-realiza-o-novenario-em-honra-a-nossa-senhora-do-rosario-em-itapitanga","status":"publish","type":"post","link":"http:\/\/portalcatolico.net\/portal\/paroquia-realiza-o-novenario-em-honra-a-nossa-senhora-do-rosario-em-itapitanga\/","title":{"rendered":"Par\u00f3quia realiza o Noven\u00e1rio em honra a Nossa Senhora do Ros\u00e1rio em  Itapitanga"},"content":{"rendered":"<p style=\"font-weight: 400; text-align: left;\">A Par\u00f3quia Nossa Senhora do Ros\u00e1rio, na cidade de Itapitanga,&nbsp;pertencente a Diocese de Ilh\u00e9us no Sul da Bahia, iniciou no dia 28 de&nbsp;setembro, o Noven\u00e1rio em honra \u00e0 Nossa Senhora do Ros\u00e1rio, com uma carreata pelas ruas da cidade em&nbsp; prepara\u00e7\u00e3o&nbsp;\u00e0 festa&nbsp;da padroeira da cidade, que segue at\u00e9 dia 07 de outubro.&nbsp;<br \/>\nVale ressaltar que na segunda-feira,08 de outubro,&nbsp;&nbsp;\u00e9 feriado municipal religioso&nbsp;.<br \/>\nNeste dia, haver\u00e1 missa solene, prociss\u00e3o com a Imagem da Santa pelas ruas da cidade e&nbsp;<br \/>\nb\u00ean\u00e7\u00e3o do sant\u00edssimo sacramento.&nbsp;<\/p>\n<p style=\"font-weight: 400; text-align: left;\">Ser\u00e3o dez dias de festa com programa\u00e7\u00e3o religiosa e cultural e&nbsp;outros momentos de evangeliza\u00e7\u00e3o. Devotos, sacerdotes&nbsp; e o bispo diocesano&nbsp;refletir\u00e3o o tema: &#8220;Crist\u00e3o&nbsp; leigos e leigas, sujeito na &#8220;Igreja em&nbsp;sa\u00edda&#8221;, a servi\u00e7o do Reino. O padre respons\u00e1vel pela par\u00f3quia \u00e9 o Wellington Quaresma&nbsp;L\u00f4bo.<\/p>\n<p>&nbsp; &nbsp; &nbsp; &nbsp; &nbsp; &nbsp; &nbsp; &nbsp; &nbsp; &nbsp; &nbsp; &nbsp; &nbsp; &nbsp; &nbsp; &nbsp; &nbsp; &nbsp; &nbsp; &nbsp; &nbsp; &nbsp; &nbsp; &nbsp; &nbsp; &nbsp; <strong>Conhe\u00e7a um pouco sobre Nossa Senhora do Ros\u00e1rio<\/strong><\/p>\n<p>O povo da Guatemala com sua hist\u00f3ria de guerras e vulc\u00f5es tem recorrido&nbsp;desde o in\u00edcio de sua coloniza\u00e7\u00e3o aos favores de sua virgem protetora,&nbsp;Nossa Senhora do Ros\u00e1rio.<br \/>\nA devo\u00e7\u00e3o ao ros\u00e1rio foi difundida na Guatemala pelos mission\u00e1rios&nbsp;Dominicanos que ali fundaram suas Casas do Ros\u00e1rio para educar os filhos&nbsp;dos \u00edndios. O carisma dos dominicanos era divulgar os prod\u00edgios da reza&nbsp;do ros\u00e1rio.<br \/>\nO fundador da Ordem, S\u00e3o Domingos de Gusm\u00e3o, passava horas de suas&nbsp;noites diante do sacr\u00e1rio implorando a ajuda de Deus para comba\u00acter as&nbsp;heresias que grassavam por toda a Europa. Certo dia, durante a ora\u00e7\u00e3o,&nbsp;apareceu-lhe a Virgem Maria, e indicou-lhe a recita\u00e7\u00e3o do ros\u00e1\u00acrio como&nbsp;o grande meio de ora\u00e7\u00e3o. A prova concreta de sua efic\u00e1cia foi a vit\u00f3ria&nbsp;de Lepanto, s\u00e9c. XVI. Conta a hist\u00f3ria que nessa batalha os crist\u00e3os&nbsp;estavam prestes a ser derrotados pelos turcos. Em Roma, todos se uniram&nbsp;<br \/>\nna reza do ros\u00e1rio ensinada pela pr\u00f3pria Virgem Maria e, milagrosamente,&nbsp;os crist\u00e3os conseguiram a vit\u00f3ria.<br \/>\nNos \u00faltimos trinta anos, por\u00e9m, o culto p\u00fablico \u00e0 m\u00e3e de Deus encontrou&nbsp;dificuldades na Guatemala, por causa da ditadura militar que tomou o&nbsp;poder no pa\u00eds. Muitos crist\u00e3os sofreram persegui\u00e7\u00f5es e mortes, igrejas&nbsp;foram fechadas e milhares de cat\u00f3licos foram massacrados.<br \/>\nA partir de 1995, gra\u00e7as ao fervor das ora\u00e7\u00f5es daquele povo sofrido,&nbsp;sinais de esperan\u00e7a come\u00e7aram a surgir, e em 1996, em sua visita ao&nbsp;pa\u00eds, o papa da paz, Jo\u00e3o Paulo lI, disse \u00e0 na\u00e7\u00e3o: &#8220;Este \u00e9 um momento de&nbsp;gra\u00e7a para os guatemaltecos, surge no horizonte um sinal de alegria com&nbsp;a assinatura de acordos que por\u00e3o fim \u00e0 sua recente hist\u00f3ria de guerra e&nbsp;de viol\u00eancia&#8221; .<\/p>\n<p>&nbsp;<\/p>\n","protected":false},"excerpt":{"rendered":"<p>A Par\u00f3quia Nossa Senhora do Ros\u00e1rio, na cidade de Itapitanga,&nbsp;pertencente a Diocese de Ilh\u00e9us no Sul da Bahia, iniciou no dia 28 de&nbsp;setembro, o Noven\u00e1rio em honra \u00e0 Nossa Senhora do Ros\u00e1rio, com uma carreata pelas ruas da cidade em&nbsp; prepara\u00e7\u00e3o&nbsp;\u00e0 festa&nbsp;da padroeira da cidade, que segue at\u00e9 dia 07 de outubro.&nbsp; Vale ressaltar que&nbsp;<\/p>\n<p><a class=\"btn btn-style\" href=\"http:\/\/portalcatolico.net\/portal\/paroquia-realiza-o-novenario-em-honra-a-nossa-senhora-do-rosario-em-itapitanga\/\">Continue Reading<\/a><\/p>\n","protected":false},"author":2,"featured_media":59465,"comment_status":"open","ping_status":"open","sticky":false,"template":"","format":"standard","meta":{"footnotes":""},"categories":[1],"tags":[],"class_list":["post-59464","post","type-post","status-publish","format-standard","has-post-thumbnail","hentry","category-agenda"],"_links":{"self":[{"href":"http:\/\/portalcatolico.net\/portal\/wp-json\/wp\/v2\/posts\/59464","targetHints":{"allow":["GET"]}}],"collection":[{"href":"http:\/\/portalcatolico.net\/portal\/wp-json\/wp\/v2\/posts"}],"about":[{"href":"http:\/\/portalcatolico.net\/portal\/wp-json\/wp\/v2\/types\/post"}],"author":[{"embeddable":true,"href":"http:\/\/portalcatolico.net\/portal\/wp-json\/wp\/v2\/users\/2"}],"replies":[{"embeddable":true,"href":"http:\/\/portalcatolico.net\/portal\/wp-json\/wp\/v2\/comments?post=59464"}],"version-history":[{"count":3,"href":"http:\/\/portalcatolico.net\/portal\/wp-json\/wp\/v2\/posts\/59464\/revisions"}],"predecessor-version":[{"id":59468,"href":"http:\/\/portalcatolico.net\/portal\/wp-json\/wp\/v2\/posts\/59464\/revisions\/59468"}],"wp:featuredmedia":[{"embeddable":true,"href":"http:\/\/portalcatolico.net\/portal\/wp-json\/wp\/v2\/media\/59465"}],"wp:attachment":[{"href":"http:\/\/portalcatolico.net\/portal\/wp-json\/wp\/v2\/media?parent=59464"}],"wp:term":[{"taxonomy":"category","embeddable":true,"href":"http:\/\/portalcatolico.net\/portal\/wp-json\/wp\/v2\/categories?post=59464"},{"taxonomy":"post_tag","embeddable":true,"href":"http:\/\/portalcatolico.net\/portal\/wp-json\/wp\/v2\/tags?post=59464"}],"curies":[{"name":"wp","href":"https:\/\/api.w.org\/{rel}","templated":true}]}}