{"id":59461,"date":"2018-10-03T06:07:52","date_gmt":"2018-10-03T09:07:52","guid":{"rendered":"http:\/\/portalcatolico.net\/portal\/?p=59461"},"modified":"2018-10-03T06:07:52","modified_gmt":"2018-10-03T09:07:52","slug":"hoje-a-igreja-celebra-os-protomartires-do-brasil","status":"publish","type":"post","link":"http:\/\/portalcatolico.net\/portal\/hoje-a-igreja-celebra-os-protomartires-do-brasil\/","title":{"rendered":"Hoje a Igreja celebra os Protom\u00e1rtires do Brasil"},"content":{"rendered":"<p>\u201cM\u00e1rtires da f\u00e9, filhos do Rio Grande, homens e mulheres, jovens e meninos. Pelo bom pastor deram o seu sangue, nossa&nbsp;Igreja&nbsp;em festa canta os seus hinos\u201d, diz o refr\u00e3o do hino dedicado aos Protom\u00e1rtires do Brasil, os quais celebramos neste dia 3 de outubro.<\/p>\n<p>Padre Andr\u00e9 de Soveral, Padre Ambr\u00f3sio Francisco Ferro, Mateus Moreira e outros 27 companheiros morreram por defender a f\u00e9 diante daqueles que queriam impedi-los de pratic\u00e1-la.<\/p>\n<p>A hist\u00f3ria desses homens remonta ao per\u00edodo em que holandeses calvinistas ocuparam territ\u00f3rios do nordeste do Brasil, entre 1630 e 1654. Na \u00e9poca, quiseram obrigar os cat\u00f3licos a se converterem ao calvinismo e proibiram a celebra\u00e7\u00e3o da Santa&nbsp;Missa.<\/p>\n<p>Ent\u00e3o, em 16 de julho de 1645, o Pe. Andr\u00e9 de Soveral e outros 70 fi\u00e9is foram cruelmente mortos por 200 soldados holandeses e \u00edndios potiguares. Eles participavam da Missa na Capela de Nossa Senhora das Candeias, no Engenho Cunha\u00fa, munic\u00edpio de Canguaretama (RN).<\/p>\n<p>Tr\u00eas meses depois, em 3 de outubro de 1645, houve o massacre em Urua\u00e7u, onde foram mortos Padre Ambr\u00f3sio Francisco Ferro e o leigo Mateus Moreira, o qual, segundo relatos, teve o cora\u00e7\u00e3o arrancado pelas costas, mas, antes de morrer p\u00f4de gritar em alta voz: \u201cLouvado seja o Sant\u00edssimo Sacramento!\u201d.<\/p>\n<p>O nome de protom\u00e1rtires foi dado na ocasi\u00e3o da visita do Papa Jo\u00e3o Paulo II, em 13 de outubro de 1991, na Missa de encerramento do XII Congresso Eucar\u00edstico, ocorrido em&nbsp;Natal.<\/p>\n<p>Padre Andr\u00e9 de Soveral, Padre Ambr\u00f3sio Francisco Ferro, Mateus Moreira e outros 27 companheiros foram beatificados por S\u00e3o Jo\u00e3o Paulo II, em 5 de mar\u00e7o de 2000.<\/p>\n<p>Em 15 de outubro de 2017, os protom\u00e1rtires foram canonizados junto com outros 5 beatos pelo Papa Francisco, em Missa na Pra\u00e7a de S\u00e3o Pedro, no Vaticano, quando destacou que \u201celes n\u00e3o disseram \u2018sim\u2019 ao amor com palavras e por um certo tempo, mas com a&nbsp;vida&nbsp;e at\u00e9 ao fim\u201d.(ACI)<\/p>\n","protected":false},"excerpt":{"rendered":"<p>\u201cM\u00e1rtires da f\u00e9, filhos do Rio Grande, homens e mulheres, jovens e meninos. Pelo bom pastor deram o seu sangue, nossa&nbsp;Igreja&nbsp;em festa canta os seus hinos\u201d, diz o refr\u00e3o do hino dedicado aos Protom\u00e1rtires do Brasil, os quais celebramos neste dia 3 de outubro. Padre Andr\u00e9 de Soveral, Padre Ambr\u00f3sio Francisco Ferro, Mateus Moreira e&nbsp;<\/p>\n<p><a class=\"btn btn-style\" href=\"http:\/\/portalcatolico.net\/portal\/hoje-a-igreja-celebra-os-protomartires-do-brasil\/\">Continue Reading<\/a><\/p>\n","protected":false},"author":2,"featured_media":59462,"comment_status":"open","ping_status":"open","sticky":false,"template":"","format":"standard","meta":{"footnotes":""},"categories":[3],"tags":[],"class_list":["post-59461","post","type-post","status-publish","format-standard","has-post-thumbnail","hentry","category-noticias_regionais"],"_links":{"self":[{"href":"http:\/\/portalcatolico.net\/portal\/wp-json\/wp\/v2\/posts\/59461","targetHints":{"allow":["GET"]}}],"collection":[{"href":"http:\/\/portalcatolico.net\/portal\/wp-json\/wp\/v2\/posts"}],"about":[{"href":"http:\/\/portalcatolico.net\/portal\/wp-json\/wp\/v2\/types\/post"}],"author":[{"embeddable":true,"href":"http:\/\/portalcatolico.net\/portal\/wp-json\/wp\/v2\/users\/2"}],"replies":[{"embeddable":true,"href":"http:\/\/portalcatolico.net\/portal\/wp-json\/wp\/v2\/comments?post=59461"}],"version-history":[{"count":1,"href":"http:\/\/portalcatolico.net\/portal\/wp-json\/wp\/v2\/posts\/59461\/revisions"}],"predecessor-version":[{"id":59463,"href":"http:\/\/portalcatolico.net\/portal\/wp-json\/wp\/v2\/posts\/59461\/revisions\/59463"}],"wp:featuredmedia":[{"embeddable":true,"href":"http:\/\/portalcatolico.net\/portal\/wp-json\/wp\/v2\/media\/59462"}],"wp:attachment":[{"href":"http:\/\/portalcatolico.net\/portal\/wp-json\/wp\/v2\/media?parent=59461"}],"wp:term":[{"taxonomy":"category","embeddable":true,"href":"http:\/\/portalcatolico.net\/portal\/wp-json\/wp\/v2\/categories?post=59461"},{"taxonomy":"post_tag","embeddable":true,"href":"http:\/\/portalcatolico.net\/portal\/wp-json\/wp\/v2\/tags?post=59461"}],"curies":[{"name":"wp","href":"https:\/\/api.w.org\/{rel}","templated":true}]}}