{"id":59458,"date":"2018-10-02T22:18:18","date_gmt":"2018-10-03T01:18:18","guid":{"rendered":"http:\/\/portalcatolico.net\/portal\/?p=59458"},"modified":"2018-10-02T22:18:18","modified_gmt":"2018-10-03T01:18:18","slug":"dom-carlos-alberto-bispo-da-diocese-de-itabuna-celebra-aniversario-com-missa-em-acao-de-gracas","status":"publish","type":"post","link":"http:\/\/portalcatolico.net\/portal\/dom-carlos-alberto-bispo-da-diocese-de-itabuna-celebra-aniversario-com-missa-em-acao-de-gracas\/","title":{"rendered":"Dom Carlos Alberto, Bispo da Diocese de Itabuna, celebra anivers\u00e1rio com Missa em A\u00e7\u00e3o de Gra\u00e7as."},"content":{"rendered":"<p style=\"font-weight: 400;\">Hoje, 02 de outubro, de forma especial, toda a Diocese de Itabuna se alegra pela passagem do anivers\u00e1rio natal\u00edcio do nosso bispo Diocesano&nbsp;Dom Carlos Alberto dos Santos. E para comemorar a data, foi realizada&nbsp;uma Santa Missa em A\u00e7\u00e3o de Gra\u00e7as na Catedral de S\u00e3o Jos\u00e9, em Itabuna,&nbsp;\u00e0s 18h, com a presid\u00eancia do aniversariante e concelebra\u00e7\u00e3o de padres ,di\u00e1conos diocesanos e seminaristas do Semin\u00e1rio Proped\u00eautico da Diocese&nbsp;de Itabuna.<br \/>\n&#8220;Neste dia singular, rendemos gra\u00e7as a Deus pelos 63 anos de vida de&nbsp;nosso bispo. Rogamos a Deus, pela intercess\u00e3o de&nbsp; Nossa Senhora&nbsp; e de&nbsp;S\u00e3o Jos\u00e9, padroeiro da cidade e da Diocese, que neste dia o aben\u00e7oe e o&nbsp;proteja o nosso pastor. Que a inspira\u00e7\u00e3o do Esp\u00edrito Santo o conserve&nbsp;sempre fiel ao Senhor e dedicado na miss\u00e3o que livremente abra\u00e7ou por&nbsp;amor ao Reino&#8221;, disse Padre Jos\u00e9 Roberto.<\/p>\n<p style=\"font-weight: 400;\">Ele ressaltou ainda: &#8220;O Bispo na Diocese \u00e9 pai, pai de todos! Pai dos seus diocesanos!&#8221;.<br \/>\nParoquianos, devotos de S\u00e3o Jos\u00e9, al\u00e9m das pastorais, movimentos entre&nbsp;outros, tamb\u00e9m participaram da celebra\u00e7\u00e3o.<\/p>\n<p style=\"font-weight: 400;\">&nbsp;O coordenador do EJC ,vereador de Itabuna e pr\u00e9 candidato a&nbsp;Deputado Estadual, Enderson Guinho, tamb\u00e9m participou da Santa missa.&nbsp;<br \/>\nAmigos da Diocese e cidade de Teixeira de Freitas estiveram prestigiando&nbsp;o anivers\u00e1rio de Dom Carlos Alberto por onde evangelizou por mais de 11&nbsp;anos.<\/p>\n<p style=\"font-weight: 400;\">Na oportunidade, o aniversariante fez um agradecimento especial aos paroquianos e fieis da Diocese de Itabuna: &#8220;Muito obrigado por essa outra fam\u00edlia que tenho, que s\u00e3o voc\u00eas. Que Deus possa continuar me dando for\u00e7as para levar adiante&nbsp; a evangeliza\u00e7\u00e3o&#8221;.<\/p>\n<p style=\"font-weight: 400;\">Dom Carlos \u00e9 oriundo de Tobias Barreto (SE), nascido em 02 de&nbsp;outubro de 1955. O religioso foi ordenado padre em 1983, em Tobias&nbsp;Barreto (SE) , nomeado bispo em 15 de junho de 2005 e ordenado bispo em&nbsp; 26 de julho do mesmo ano, em Aracaju (SE).<br \/>\nEle foi nomeado&nbsp; bispo para a&nbsp; Diocese de Teixeira de Freitas-Caravelas,&nbsp;situada no extremo sul da Bahia, em junho de 2005, pelo Papa Bento XVI,&nbsp;atualmente Papa Em\u00e9rito. O pont\u00edfice, o Papa Francisco em 01 de&nbsp;Fevereiro de 2017 nomeou Dom Carlos como novo bispo diocesano para a&nbsp;Diocese de Itabuna, e sua posse can\u00f4nica aconteceu em 07 abril de&nbsp;2017,na Catedral Diocesana de S\u00e3o Jos\u00e9 em Itabuna.<\/p>\n<p>Texto e fotos:Portal Cat\u00f3lico.Net<\/p>\n<p>\u00c1lbuns de fotos: <a href=\"http:\/\/portalcatolico.net\/portal\/aniversario-de-dom-carlos-alberto-em-itabuna\/\"><span style=\"color: #ff0000;\"><strong>Clique aqui<\/strong><\/span><\/a> e confira as fotos.<\/p>\n","protected":false},"excerpt":{"rendered":"<p>Hoje, 02 de outubro, de forma especial, toda a Diocese de Itabuna se alegra pela passagem do anivers\u00e1rio natal\u00edcio do nosso bispo Diocesano&nbsp;Dom Carlos Alberto dos Santos. E para comemorar a data, foi realizada&nbsp;uma Santa Missa em A\u00e7\u00e3o de Gra\u00e7as na Catedral de S\u00e3o Jos\u00e9, em Itabuna,&nbsp;\u00e0s 18h, com a presid\u00eancia do aniversariante e concelebra\u00e7\u00e3o&nbsp;<\/p>\n<p><a class=\"btn btn-style\" href=\"http:\/\/portalcatolico.net\/portal\/dom-carlos-alberto-bispo-da-diocese-de-itabuna-celebra-aniversario-com-missa-em-acao-de-gracas\/\">Continue Reading<\/a><\/p>\n","protected":false},"author":2,"featured_media":59459,"comment_status":"open","ping_status":"open","sticky":false,"template":"","format":"standard","meta":{"footnotes":""},"categories":[68],"tags":[],"class_list":["post-59458","post","type-post","status-publish","format-standard","has-post-thumbnail","hentry","category-homilias"],"_links":{"self":[{"href":"http:\/\/portalcatolico.net\/portal\/wp-json\/wp\/v2\/posts\/59458","targetHints":{"allow":["GET"]}}],"collection":[{"href":"http:\/\/portalcatolico.net\/portal\/wp-json\/wp\/v2\/posts"}],"about":[{"href":"http:\/\/portalcatolico.net\/portal\/wp-json\/wp\/v2\/types\/post"}],"author":[{"embeddable":true,"href":"http:\/\/portalcatolico.net\/portal\/wp-json\/wp\/v2\/users\/2"}],"replies":[{"embeddable":true,"href":"http:\/\/portalcatolico.net\/portal\/wp-json\/wp\/v2\/comments?post=59458"}],"version-history":[{"count":1,"href":"http:\/\/portalcatolico.net\/portal\/wp-json\/wp\/v2\/posts\/59458\/revisions"}],"predecessor-version":[{"id":59460,"href":"http:\/\/portalcatolico.net\/portal\/wp-json\/wp\/v2\/posts\/59458\/revisions\/59460"}],"wp:featuredmedia":[{"embeddable":true,"href":"http:\/\/portalcatolico.net\/portal\/wp-json\/wp\/v2\/media\/59459"}],"wp:attachment":[{"href":"http:\/\/portalcatolico.net\/portal\/wp-json\/wp\/v2\/media?parent=59458"}],"wp:term":[{"taxonomy":"category","embeddable":true,"href":"http:\/\/portalcatolico.net\/portal\/wp-json\/wp\/v2\/categories?post=59458"},{"taxonomy":"post_tag","embeddable":true,"href":"http:\/\/portalcatolico.net\/portal\/wp-json\/wp\/v2\/tags?post=59458"}],"curies":[{"name":"wp","href":"https:\/\/api.w.org\/{rel}","templated":true}]}}