{"id":59339,"date":"2018-10-02T06:08:55","date_gmt":"2018-10-02T09:08:55","guid":{"rendered":"http:\/\/portalcatolico.net\/portal\/?p=59339"},"modified":"2018-10-02T06:08:55","modified_gmt":"2018-10-02T09:08:55","slug":"confira-diversas-iniciativas-da-igreja-que-estao-marcando-o-mes-missionario-no-brasil","status":"publish","type":"post","link":"http:\/\/portalcatolico.net\/portal\/confira-diversas-iniciativas-da-igreja-que-estao-marcando-o-mes-missionario-no-brasil\/","title":{"rendered":"Confira diversas iniciativas da Igreja que est\u00e3o marcando o m\u00eas mission\u00e1rio no Brasil"},"content":{"rendered":"<p>Neste m\u00eas de outubro, a Igreja se volta para a necess\u00e1ria compreens\u00e3o das miss\u00f5es, isto \u00e9, da permanente preocupa\u00e7\u00e3o pelo an\u00fancio do Evangelho a todos os povos. \u00c9 neste per\u00edodo em que recorda-se o fundamental convite mission\u00e1rio de Cristo e da Igreja em cada comunidade, e incentiva-se o apoio do trabalho dos sacerdotes, religiosos e leigos nas fronteiras da miss\u00e3o da Igreja.<\/p>\n<p>Alinhada com a Campanha da Fraternidade 2018 que refletiu a constru\u00e7\u00e3o da cultura de paz, a Campanha Mission\u00e1ria deste ano tem como tema \u201cEnviados para testemunhar o Evangelho da paz\u201d e o lema \u201cV\u00f3s sois todos irm\u00e3os\u201d (Mt 23,8). Seu objetivo \u00e9 sensibilizar, despertar voca\u00e7\u00f5es mission\u00e1rias e retomar a tem\u00e1tica da supera\u00e7\u00e3o da viol\u00eancia.<\/p>\n<p>Durante todo o m\u00eas de outubro, as arqui\/dioceses de todo o Brasil v\u00e3o refor\u00e7ar a reflex\u00e3o da supera\u00e7\u00e3o da viol\u00eancia e realizar atividades que motivem e incentivem o esp\u00edrito de solidariedade e evangeliza\u00e7\u00e3o nos fi\u00e9is. &nbsp;Tais iniciativas buscam tamb\u00e9m chamar a aten\u00e7\u00e3o dos crist\u00e3os para o seu compromisso com a miss\u00e3o da Igreja em \u00e2mbito mundial.<\/p>\n<div id=\"attachment_201542\" class=\"wp-caption alignleft\" style=\"width: 434px;\"><img loading=\"lazy\" decoding=\"async\" class=\"wp-image-201542 \" src=\"http:\/\/www.cnbb.org.br\/wp-content\/uploads\/sites\/32\/2018\/10\/Haiti_56-750x430-300x172.jpg\" srcset=\"http:\/\/www.cnbb.org.br\/wp-content\/uploads\/sites\/32\/2018\/10\/Haiti_56-750x430-300x172.jpg 300w, http:\/\/www.cnbb.org.br\/wp-content\/uploads\/sites\/32\/2018\/10\/Haiti_56-750x430.jpg 750w\" alt=\"\" width=\"434\" height=\"249\"><\/p>\n<p class=\"wp-caption-text\">Mission\u00e1rios conhecem Miss\u00e3o Bel\u00e9m, no Haiti. Cr\u00e9dito: Arquidiocese de Juiz de Fora<\/p>\n<\/div>\n<p>A&nbsp;<strong>arquidiocese de Juiz de Fora<\/strong>, em Minas Gerais n\u00e3o tem medido esfor\u00e7os, juntamente com o clero e os leigos, para torn\u00e1-la cada vez mais mission\u00e1ria. Prosseguindo algumas iniciativas anteriores, a Igreja particular procurou ampliar a a\u00e7\u00e3o mission\u00e1ria na Amaz\u00f4nia, especificamente na diocese de \u00d3bidos, no Par\u00e1, onde hoje desempenha um amplo trabalho, incluindo os cuidados de uma par\u00f3quia dirigida por dois padres arquidiocesanos, com outras iniciativas de miss\u00f5es tempor\u00e1rias.<\/p>\n<p>Atualmente, a arquidiocese iniciou a Miss\u00e3o Haiti. \u201cFoi constitu\u00edda a Comiss\u00e3o do Projeto JF\/Haiti, com reuni\u00f5es peri\u00f3dicas, sendo registradas atas e relat\u00f3rio. Em di\u00e1logo frequente com os Franciscanos na Provid\u00eancia de Deus que l\u00e1 nos acolhem e com quem fazemos parceria fraterna, estamos organizando grupos de Profissionais Continentais, Empres\u00e1rios Continentais, Padrinhos Mission\u00e1rios Continentais que ofere\u00e7am algum recurso para educa\u00e7\u00e3o de crian\u00e7a haitiana e outras iniciativas\u201d, explica o arcebispo de Juiz de Fora, dom Gil Ant\u00f4nio Moreira.<\/p>\n<p>Em&nbsp;<strong>Porto Alegre<\/strong>, a dimens\u00e3o mission\u00e1ria tem se intensificado pela Inicia\u00e7\u00e3o \u00e0 Vida Crist\u00e3, especificamente com o batismo, quando um grande n\u00famero de catequistas visitam as fam\u00edlias para preparar os pais e os padrinhos e depois integr\u00e1-los na comunidade. \u201cSer mission\u00e1rio \u00e9 ir ao encontro do outro, ouvir as necessidades das pessoas e, \u00e0s vezes, nossas grandes cidades s\u00e3o \u00e1reas de imenso desafio mission\u00e1rio\u201d, aponta o bispo auxiliar de Porto Alegre, dom Leomar Brustolin.<\/p>\n<p><img loading=\"lazy\" decoding=\"async\" class=\"size-medium wp-image-201543 alignleft\" src=\"http:\/\/www.cnbb.org.br\/wp-content\/uploads\/sites\/32\/2018\/10\/view-300x200.png\" srcset=\"http:\/\/www.cnbb.org.br\/wp-content\/uploads\/sites\/32\/2018\/10\/view-300x200.png 300w, http:\/\/www.cnbb.org.br\/wp-content\/uploads\/sites\/32\/2018\/10\/view.png 500w\" alt=\"\" width=\"300\" height=\"200\">Impulsionados pelos apelos do papa Francisco que recorda insistentemente o car\u00e1ter mission\u00e1rio da Igreja, especialmente o de ser uma \u201cIgreja em Sa\u00edda\u201d, a arquidiocese tem procurado estar em estado permanente de miss\u00e3o. \u201cMiss\u00e3o \u00e9 anunciar a experi\u00eancia do encontro com Jesus Cristo, por isso que quem \u00e9 mission\u00e1rio primeiro fez o encontro e suscita nos outros para que tamb\u00e9m despertem a sua vida para o encontro com Jesus Cristo que \u00e9 sempre um encontro pessoal e comunit\u00e1rio\u201d, afirma dom Leomar.<\/p>\n<p>Privilegiando as periferias da cidade, a&nbsp;<strong>diocese de Livramento de Nossa Senhora<\/strong>, na Bahia ir\u00e1 realizar a Semana Mission\u00e1ria diocesana. Por l\u00e1 v\u00e1rios mission\u00e1rios com a ajuda de alguns padres far\u00e3o visitas em escolas, para propor uma reflex\u00e3o especial sobre a dimens\u00e3o mission\u00e1ria. \u201cVamos privilegiar de modo especial as periferias da cidade e algumas comunidades que mais precisam de uma presen\u00e7a mission\u00e1ria e o destaque que eu insisti \u00e9 que devemos dar foco nos jovens, portanto come\u00e7aremos visitando todas as escolas, depois a par\u00f3quia \u00e9 dividida em v\u00e1rios regionais e se concentrar\u00e1 o trabalho nesses regionais\u201d, explica o bispo de Livramento, dom Armando Bucciol.<\/p>\n<div id=\"attachment_201545\" class=\"wp-caption alignright\"><img loading=\"lazy\" decoding=\"async\" class=\"wp-image-201545 size-medium\" src=\"http:\/\/www.cnbb.org.br\/wp-content\/uploads\/sites\/32\/2018\/10\/CARTAZ_GRANDE_2x1.80-8baae310-300x270.jpg\" srcset=\"http:\/\/www.cnbb.org.br\/wp-content\/uploads\/sites\/32\/2018\/10\/CARTAZ_GRANDE_2x1.80-8baae310-300x270.jpg 300w, http:\/\/www.cnbb.org.br\/wp-content\/uploads\/sites\/32\/2018\/10\/CARTAZ_GRANDE_2x1.80-8baae310-768x691.jpg 768w, http:\/\/www.cnbb.org.br\/wp-content\/uploads\/sites\/32\/2018\/10\/CARTAZ_GRANDE_2x1.80-8baae310.jpg 800w\" alt=\"\" width=\"300\" height=\"270\"><\/p>\n<p class=\"wp-caption-text\">Expo Mission\u00e1ria da arquidiocese de S\u00e3o Paulo<\/p>\n<\/div>\n<p>O m\u00eas de outubro tamb\u00e9m traz v\u00e1rias iniciativas importantes na&nbsp;<strong>arquidiocese de S\u00e3o Lu\u00eds do Maranh\u00e3o<\/strong>, uma delas ocorre logo no dia 01\u00ba de outubro, quando seminaristas de v\u00e1rias dioceses do Maranh\u00e3o realizam uma celebra\u00e7\u00e3o especial para marcar n\u00e3o s\u00f3 a abertura do m\u00eas, mas tamb\u00e9m para reafirmar que est\u00e3o dispostos a vivenciarem essa caminhada. \u201cAl\u00e9m disso, temos os grupos b\u00edblicos que s\u00e3o realizados em muitas comunidades.&nbsp; O Condom\u00ednio Novo Templo, por exemplo, que faz parte da Par\u00f3quia Nossa Senhora Aparecida do Cohafuma j\u00e1 faz essa experi\u00eancia\u201d, afirma o bispo auxiliar de S\u00e3o Lu\u00eds, dom Esmeraldo Barreto de Farias.<\/p>\n<p>Na&nbsp;<strong>arquidiocese de S\u00e3o Paulo<\/strong>, uma exposi\u00e7\u00e3o mostrar\u00e1 ao p\u00fablico os carismas e os trabalhos de alguns Institutos e Organismos Mission\u00e1rios no mundo, incluindo pela primeira vez, o projeto mission\u00e1rio al\u00e9m fronteiras, mantido pelo regional Sul 1 da CNBB, na diocese de Pemba em Mo\u00e7ambique, na \u00c1frica. A exposi\u00e7\u00e3o tamb\u00e9m vai fazer uma homenagem a homens e mulheres que vivenciaram, de alguma forma, a fraternidade sem fronteiras, como Nelson Mandela, Ghandi, Dom Oscar Romeiro, entre outros.<\/p>\n<p>Al\u00e9m disso as congrega\u00e7\u00f5es mission\u00e1rias mostrar\u00e3o ao p\u00fablico os seus carismas, seus trabalhos no mundo e alguns projetos mission\u00e1rios nos cinco continentes, entre os quais a REPAM e o projeto mission\u00e1rio al\u00e9m fronteiras, mantido pelo regional Sul 1 da CNBB, na diocese de Pemba em Mo\u00e7ambique, na \u00c1frica.&nbsp; O Conselho Mission\u00e1rio Regional (Comire), respons\u00e1vel pelo estande do projeto Pemba, pretende distribuir material mission\u00e1rio, panfletos e folder de anima\u00e7\u00e3o mission\u00e1ria.<\/p>\n<p><img loading=\"lazy\" decoding=\"async\" class=\"size-medium wp-image-201548 alignleft\" src=\"http:\/\/www.cnbb.org.br\/wp-content\/uploads\/sites\/32\/2018\/10\/missao-africa-300x150.jpg\" srcset=\"http:\/\/www.cnbb.org.br\/wp-content\/uploads\/sites\/32\/2018\/10\/missao-africa-300x150.jpg 300w, http:\/\/www.cnbb.org.br\/wp-content\/uploads\/sites\/32\/2018\/10\/missao-africa.jpg 660w\" alt=\"\" width=\"300\" height=\"150\">O regional Sul 2 da CNBB, que envolve o&nbsp;<strong>Estado do Paran\u00e1<\/strong>alavancou desde 2011 um projeto mission\u00e1rio na \u00c1frica, especificamente na diocese de Bafat\u00e1, na Guin\u00e9 Bissau. Em 2014 foi enviado o primeiro grupo de mission\u00e1rios. Desde ent\u00e3o, a iniciativa tem rendido bons frutos. O \u00faltimo envio aconteceu no dia 20 de outubro e o casal&nbsp;P\u00e9rcio Pereira Vit\u00f3ria e Marcia do Rocio Pereira Vit\u00f3ria&nbsp;est\u00e3o dispostos a permanecer em miss\u00e3o por um per\u00edodo de quatro anos.<\/p>\n<p>Tais iniciativas s\u00f3 demonstram uma parte do que a Igreja no Brasil suscita no campo mission\u00e1rio. Al\u00e9m dessas, v\u00e1rias outras atividades s\u00e3o desenvolvidas pelo pa\u00eds. Saiba como ser um mission\u00e1rio entrando em contato com a sua diocese.<\/p>\n<p>Fonte:CNBB<\/p>\n","protected":false},"excerpt":{"rendered":"<p>Neste m\u00eas de outubro, a Igreja se volta para a necess\u00e1ria compreens\u00e3o das miss\u00f5es, isto \u00e9, da permanente preocupa\u00e7\u00e3o pelo an\u00fancio do Evangelho a todos os povos. \u00c9 neste per\u00edodo em que recorda-se o fundamental convite mission\u00e1rio de Cristo e da Igreja em cada comunidade, e incentiva-se o apoio do trabalho dos sacerdotes, religiosos e&nbsp;<\/p>\n<p><a class=\"btn btn-style\" href=\"http:\/\/portalcatolico.net\/portal\/confira-diversas-iniciativas-da-igreja-que-estao-marcando-o-mes-missionario-no-brasil\/\">Continue Reading<\/a><\/p>\n","protected":false},"author":2,"featured_media":59340,"comment_status":"open","ping_status":"open","sticky":false,"template":"","format":"standard","meta":{"footnotes":""},"categories":[3],"tags":[],"class_list":["post-59339","post","type-post","status-publish","format-standard","has-post-thumbnail","hentry","category-noticias_regionais"],"_links":{"self":[{"href":"http:\/\/portalcatolico.net\/portal\/wp-json\/wp\/v2\/posts\/59339","targetHints":{"allow":["GET"]}}],"collection":[{"href":"http:\/\/portalcatolico.net\/portal\/wp-json\/wp\/v2\/posts"}],"about":[{"href":"http:\/\/portalcatolico.net\/portal\/wp-json\/wp\/v2\/types\/post"}],"author":[{"embeddable":true,"href":"http:\/\/portalcatolico.net\/portal\/wp-json\/wp\/v2\/users\/2"}],"replies":[{"embeddable":true,"href":"http:\/\/portalcatolico.net\/portal\/wp-json\/wp\/v2\/comments?post=59339"}],"version-history":[{"count":1,"href":"http:\/\/portalcatolico.net\/portal\/wp-json\/wp\/v2\/posts\/59339\/revisions"}],"predecessor-version":[{"id":59341,"href":"http:\/\/portalcatolico.net\/portal\/wp-json\/wp\/v2\/posts\/59339\/revisions\/59341"}],"wp:featuredmedia":[{"embeddable":true,"href":"http:\/\/portalcatolico.net\/portal\/wp-json\/wp\/v2\/media\/59340"}],"wp:attachment":[{"href":"http:\/\/portalcatolico.net\/portal\/wp-json\/wp\/v2\/media?parent=59339"}],"wp:term":[{"taxonomy":"category","embeddable":true,"href":"http:\/\/portalcatolico.net\/portal\/wp-json\/wp\/v2\/categories?post=59339"},{"taxonomy":"post_tag","embeddable":true,"href":"http:\/\/portalcatolico.net\/portal\/wp-json\/wp\/v2\/tags?post=59339"}],"curies":[{"name":"wp","href":"https:\/\/api.w.org\/{rel}","templated":true}]}}