{"id":59336,"date":"2018-10-02T06:04:32","date_gmt":"2018-10-02T09:04:32","guid":{"rendered":"http:\/\/portalcatolico.net\/portal\/?p=59336"},"modified":"2018-10-02T06:04:32","modified_gmt":"2018-10-02T09:04:32","slug":"papa-pede-rezar-o-terco-e-a-sao-miguel-em-outubro-para-proteger-a-igreja-do-demonio","status":"publish","type":"post","link":"http:\/\/portalcatolico.net\/portal\/papa-pede-rezar-o-terco-e-a-sao-miguel-em-outubro-para-proteger-a-igreja-do-demonio\/","title":{"rendered":"Papa pede rezar o Ter\u00e7o e a S\u00e3o Miguel em outubro para proteger a Igreja do dem\u00f4nio"},"content":{"rendered":"<p>O Papa Francisco convidou os fi\u00e9is de todo o mundo a rezar o Ter\u00e7o todos os dias do m\u00eas mariano de outubro, pedindo a intercess\u00e3o da&nbsp;Virgem Maria&nbsp;e de S\u00e3o Miguel Arcanjo para que protejam a&nbsp;Igreja&nbsp;do dem\u00f4nio nestes tempos de crise.<\/p>\n<p>No comunicado emitido pela Santa S\u00e9 em 29 de setembro, expressa-se o pedido do Pont\u00edfice para que todo o povo de Deus se una \u201cem comunh\u00e3o e penit\u00eancia\u201d e reze pela prote\u00e7\u00e3o diante das armadilhas do maligno, \u201csempre procura nos separar de Deus e uns dos outros\u201d.<\/p>\n<p>O texto indica que, \u201cantes de sua partida para os pa\u00edses b\u00e1lticos, o Santo Padre encontrou-se com Rev. Fr\u00e9deric Fornos S.J., Diretor Internacional da Rede Mundial de Ora\u00e7\u00e3o pelo Papa, e pediu-lhe para difundir ao redor do mundo este seu apelo a todos os fi\u00e9is, convidando-os a concluir a recita\u00e7\u00e3o do Santo Ter\u00e7o com a antiga ora\u00e7\u00e3o \u2018Sub tuum praesidium\u2019, e a ora\u00e7\u00e3o a S\u00e3o Miguel Arcanjo que nos protege e ajuda na luta contra o mal\u201d. &nbsp;<\/p>\n<p>O Papa disse em uma homilia em Santa Marta, em 11 de setembro, que esta ora\u00e7\u00e3o \u00e9 \u201ca arma\u201d contra o dem\u00f4nio e que s\u00f3 com a ora\u00e7\u00e3o \u00e9 poss\u00edvel derrota-lo.<\/p>\n<p>\u201cOs m\u00edsticos russos e os grandes santos de todas as tradi\u00e7\u00f5es, nos momentos de turbul\u00eancia\/confus\u00e3o espiritual, aconselhavam a proteger-se sob o manto da Santa M\u00e3e de Deus pronunciando a ora\u00e7\u00e3o \u2018Sub tuum praesidium\u2019\u201d, assegurou.<\/p>\n<p>A ora\u00e7\u00e3o \u2018Sub tuum paresidium\u2019 \u00e9 a seguinte: \u201c\u00c0 Vossa Prote\u00e7\u00e3o recorremos, Santa M\u00e3e de Deus. N\u00e3o desprezeis as nossas s\u00faplicas em nossas necessidades, mas livrai-nos sempre de todos os perigos, \u00f3 Virgem gloriosa e bendita\u201d.<\/p>\n<p>O comunicado afirma que, com esta solicita\u00e7\u00e3o de intercess\u00e3o, o Papa pede aos fi\u00e9is que rezem para que Maria \u201ccoloque a Igreja sob seu manto protetor\u201d, e n\u00e3o apenas a defenda, mas que a fa\u00e7a \u201cmais consciente das suas faltas, dos seus erros, dos abusos cometidos no presente e no passado e comprometida a lutar sem qualquer hesita\u00e7\u00e3o para que o mal n\u00e3o prevale\u00e7a\u201d.<\/p>\n<p>A outra ora\u00e7\u00e3o que o Santo Padre pede para rezar ao fim de cada Ter\u00e7o \u00e9 a de S\u00e3o Miguel Arcanjo, criada pelo Papa Le\u00e3o XIII: \u201cS\u00e3o Miguel Arcanjo, defendei-nos no combate. Sede o nosso ref\u00fagio contra as maldades e ciladas do dem\u00f4nio. Que Deus manifeste o seu poder sobre ele. Eis a nossa humilde s\u00faplica. E v\u00f3s, Pr\u00edncipe da Mil\u00edcia Celeste, com o poder que Deus vos conferiu, precipitai no inferno Satan\u00e1s e os outros esp\u00edritos malignos, que andam pelo mundo tentando as almas. Am\u00e9m!\u201d.<\/p>\n<p>Em uma entrevista a Vatican News, Pe. Fr\u00e9d\u00e9ric Fornos, explicou que \u201ceste pedido chega agora, em particular, \u201cnestes \u00faltimos anos e meses na Igreja\u201d, quando \u201cvivemos situa\u00e7\u00f5es dif\u00edceis, entre as quais \u2013 o sabemos \u2013 abusos sexuais, abusos de poder, de consci\u00eancia, por parte de cl\u00e9rigos, pessoas consagradas e leigos, sem esquecer as divis\u00f5es internas\u201d.<\/p>\n<p>A Rede Mundial de Ora\u00e7\u00e3o do Papa inicia o pedido de ora\u00e7\u00e3o do Santo Padre neste dia 1\u00ba de outubro, dia de Santa Teresinha do Menino Jesus, rezando ao longo de todo o m\u00eas.<\/p>\n<p>Imagem referencial \/ Cr\u00e9dito: Unsplash<\/p>\n","protected":false},"excerpt":{"rendered":"<p>O Papa Francisco convidou os fi\u00e9is de todo o mundo a rezar o Ter\u00e7o todos os dias do m\u00eas mariano de outubro, pedindo a intercess\u00e3o da&nbsp;Virgem Maria&nbsp;e de S\u00e3o Miguel Arcanjo para que protejam a&nbsp;Igreja&nbsp;do dem\u00f4nio nestes tempos de crise. No comunicado emitido pela Santa S\u00e9 em 29 de setembro, expressa-se o pedido do Pont\u00edfice&nbsp;<\/p>\n<p><a class=\"btn btn-style\" href=\"http:\/\/portalcatolico.net\/portal\/papa-pede-rezar-o-terco-e-a-sao-miguel-em-outubro-para-proteger-a-igreja-do-demonio\/\">Continue Reading<\/a><\/p>\n","protected":false},"author":2,"featured_media":59337,"comment_status":"open","ping_status":"open","sticky":false,"template":"","format":"standard","meta":{"footnotes":""},"categories":[5],"tags":[],"class_list":["post-59336","post","type-post","status-publish","format-standard","has-post-thumbnail","hentry","category-igreja_no_mundo"],"_links":{"self":[{"href":"http:\/\/portalcatolico.net\/portal\/wp-json\/wp\/v2\/posts\/59336","targetHints":{"allow":["GET"]}}],"collection":[{"href":"http:\/\/portalcatolico.net\/portal\/wp-json\/wp\/v2\/posts"}],"about":[{"href":"http:\/\/portalcatolico.net\/portal\/wp-json\/wp\/v2\/types\/post"}],"author":[{"embeddable":true,"href":"http:\/\/portalcatolico.net\/portal\/wp-json\/wp\/v2\/users\/2"}],"replies":[{"embeddable":true,"href":"http:\/\/portalcatolico.net\/portal\/wp-json\/wp\/v2\/comments?post=59336"}],"version-history":[{"count":1,"href":"http:\/\/portalcatolico.net\/portal\/wp-json\/wp\/v2\/posts\/59336\/revisions"}],"predecessor-version":[{"id":59338,"href":"http:\/\/portalcatolico.net\/portal\/wp-json\/wp\/v2\/posts\/59336\/revisions\/59338"}],"wp:featuredmedia":[{"embeddable":true,"href":"http:\/\/portalcatolico.net\/portal\/wp-json\/wp\/v2\/media\/59337"}],"wp:attachment":[{"href":"http:\/\/portalcatolico.net\/portal\/wp-json\/wp\/v2\/media?parent=59336"}],"wp:term":[{"taxonomy":"category","embeddable":true,"href":"http:\/\/portalcatolico.net\/portal\/wp-json\/wp\/v2\/categories?post=59336"},{"taxonomy":"post_tag","embeddable":true,"href":"http:\/\/portalcatolico.net\/portal\/wp-json\/wp\/v2\/tags?post=59336"}],"curies":[{"name":"wp","href":"https:\/\/api.w.org\/{rel}","templated":true}]}}