{"id":59330,"date":"2018-10-01T22:21:55","date_gmt":"2018-10-02T01:21:55","guid":{"rendered":"http:\/\/portalcatolico.net\/portal\/?p=59330"},"modified":"2018-10-01T22:30:39","modified_gmt":"2018-10-02T01:30:39","slug":"fieis-da-diocese-de-itabuna-celebram-o-aniversario-do-bispo-diocesano-dom-carlos-alberto","status":"publish","type":"post","link":"http:\/\/portalcatolico.net\/portal\/fieis-da-diocese-de-itabuna-celebram-o-aniversario-do-bispo-diocesano-dom-carlos-alberto\/","title":{"rendered":"Fieis da Diocese de Itabuna celebram o anivers\u00e1rio do Bispo Diocesano Dom Carlos Alberto!"},"content":{"rendered":"<p class=\"MsoNormal\" style=\"margin-top: 0px; margin-bottom: 0px; color: #000000; font-family: Calibri, Helvetica, sans-serif;\"><span style=\"font-size: 10pt; line-height: 15.3333px; font-family: 'Segoe UI', sans-serif; color: #212121; background-image: initial; background-position: initial; background-size: initial; background-repeat: initial; background-attachment: initial; background-origin: initial; background-clip: initial;\">Nesta ter\u00e7a-feira, 02 de outubro, a Diocese de Itabuna, no sul da&nbsp;<\/span>Bahia, celebra o anivers\u00e1rio natal\u00edcio do Bispo Diocesano Dom Carlos&nbsp;Alberto dos Santos. E para comemorar a data, ser\u00e1 realizada uma Santa Missa&nbsp;em A\u00e7\u00e3o de Gra\u00e7as na Catedral de S\u00e3o Jos\u00e9, em Itabuna, \u00e0s 18h.<\/p>\n<p class=\"MsoNormal\" style=\"margin-top: 0px; margin-bottom: 0px; color: #000000; font-family: Calibri, Helvetica, sans-serif;\"><span style=\"font-size: 10pt; line-height: 15.3333px; font-family: 'Segoe UI', sans-serif; color: #212121;\"><br \/>\n<span style=\"background-image: initial; background-position: initial; background-size: initial; background-repeat: initial; background-attachment: initial; background-origin: initial; background-clip: initial;\">Dom Carlos \u00e9&nbsp;<\/span>oriundo de Tobias Barreto (SE), nascido em 02 de outubro de 1955.&nbsp;O religioso&nbsp;<span style=\"background-image: initial; background-position: initial; background-size: initial; background-repeat: initial; background-attachment: initial; background-origin: initial; background-clip: initial;\">foi ordenado padre em 1983, em Tobias Barreto (SE) , nomeado bispo em 15 de junho de 2005 e ordenado bispo em 26 de&nbsp;<\/span>julho do mesmo ano, em Aracaju (SE).<\/span><\/p>\n<p>&nbsp;<\/p>\n<p class=\"MsoNormal\" style=\"margin-top: 0px; margin-bottom: 0px; color: #000000; font-family: Calibri, Helvetica, sans-serif;\"><span style=\"font-size: 10pt; line-height: 15.3333px; font-family: 'Segoe UI', sans-serif; color: #212121; background-image: initial; background-position: initial; background-size: initial; background-repeat: initial; background-attachment: initial; background-origin: initial; background-clip: initial;\">Ele foi nomeado&nbsp;&nbsp;bispo para a&nbsp; Diocese de Teixeira de Freitas-Caravelas,&nbsp;<\/span>situada no extremo sul da Bahia, em junho de 2005, pelo Papa Bento XVI,&nbsp;atualmente Papa Em\u00e9rito. O pont\u00edfice, o Papa Francisco em 01 de&nbsp;Fevereiro de 2017 nomeou Dom Carlos como novo bispo diocesano para a Diocese de Itabuna, e sua posse can\u00f4nica aconteceu em&nbsp;07 abril de 2017,na Catedral Diocesana de S\u00e3o Jos\u00e9 em Itabuna.<\/p>\n<p>&nbsp;<\/p>\n<p class=\"MsoNormal\" style=\"margin-top: 0px; margin-bottom: 0px; color: #000000; font-family: Calibri, Helvetica, sans-serif;\"><span style=\"font-size: 10pt; line-height: 15.3333px; font-family: 'Segoe UI', sans-serif; color: #212121; background-image: initial; background-position: initial; background-size: initial; background-repeat: initial; background-attachment: initial; background-origin: initial; background-clip: initial;\">Celebrar o dom da vida do Bispo Diocesano \u00e9 render A\u00e7\u00e3o de Gra\u00e7as ao Bom Deus por todos os benef\u00edcios que atrav\u00e9s&nbsp;<\/span>da vida de um homem, do sim de um cora\u00e7\u00e3o e da entrega de uma alma,&nbsp;todos n\u00f3s como seus filhos espirituais recebemos a paternidade, o&nbsp;pastoreio e, principalmente, a solicitude para com todos os momentos.<\/p>\n<p>&nbsp;<\/p>\n<p>Foto:Acervo\/Portal Cat\u00f3lico.Net<\/p>\n<p>Texto:Portal Cat\u00f3lico.Net<\/p>\n","protected":false},"excerpt":{"rendered":"<p>Nesta ter\u00e7a-feira, 02 de outubro, a Diocese de Itabuna, no sul da&nbsp;Bahia, celebra o anivers\u00e1rio natal\u00edcio do Bispo Diocesano Dom Carlos&nbsp;Alberto dos Santos. E para comemorar a data, ser\u00e1 realizada uma Santa Missa&nbsp;em A\u00e7\u00e3o de Gra\u00e7as na Catedral de S\u00e3o Jos\u00e9, em Itabuna, \u00e0s 18h. Dom Carlos \u00e9&nbsp;oriundo de Tobias Barreto (SE), nascido em 02&nbsp;<\/p>\n<p><a class=\"btn btn-style\" href=\"http:\/\/portalcatolico.net\/portal\/fieis-da-diocese-de-itabuna-celebram-o-aniversario-do-bispo-diocesano-dom-carlos-alberto\/\">Continue Reading<\/a><\/p>\n","protected":false},"author":2,"featured_media":59331,"comment_status":"open","ping_status":"open","sticky":false,"template":"","format":"standard","meta":{"footnotes":""},"categories":[4],"tags":[],"class_list":["post-59330","post","type-post","status-publish","format-standard","has-post-thumbnail","hentry","category-destaques"],"_links":{"self":[{"href":"http:\/\/portalcatolico.net\/portal\/wp-json\/wp\/v2\/posts\/59330","targetHints":{"allow":["GET"]}}],"collection":[{"href":"http:\/\/portalcatolico.net\/portal\/wp-json\/wp\/v2\/posts"}],"about":[{"href":"http:\/\/portalcatolico.net\/portal\/wp-json\/wp\/v2\/types\/post"}],"author":[{"embeddable":true,"href":"http:\/\/portalcatolico.net\/portal\/wp-json\/wp\/v2\/users\/2"}],"replies":[{"embeddable":true,"href":"http:\/\/portalcatolico.net\/portal\/wp-json\/wp\/v2\/comments?post=59330"}],"version-history":[{"count":4,"href":"http:\/\/portalcatolico.net\/portal\/wp-json\/wp\/v2\/posts\/59330\/revisions"}],"predecessor-version":[{"id":59335,"href":"http:\/\/portalcatolico.net\/portal\/wp-json\/wp\/v2\/posts\/59330\/revisions\/59335"}],"wp:featuredmedia":[{"embeddable":true,"href":"http:\/\/portalcatolico.net\/portal\/wp-json\/wp\/v2\/media\/59331"}],"wp:attachment":[{"href":"http:\/\/portalcatolico.net\/portal\/wp-json\/wp\/v2\/media?parent=59330"}],"wp:term":[{"taxonomy":"category","embeddable":true,"href":"http:\/\/portalcatolico.net\/portal\/wp-json\/wp\/v2\/categories?post=59330"},{"taxonomy":"post_tag","embeddable":true,"href":"http:\/\/portalcatolico.net\/portal\/wp-json\/wp\/v2\/tags?post=59330"}],"curies":[{"name":"wp","href":"https:\/\/api.w.org\/{rel}","templated":true}]}}