{"id":59324,"date":"2018-10-01T06:29:42","date_gmt":"2018-10-01T09:29:42","guid":{"rendered":"http:\/\/portalcatolico.net\/portal\/?p=59324"},"modified":"2018-10-01T06:30:59","modified_gmt":"2018-10-01T09:30:59","slug":"paroquia-santa-rita-de-cassia-acolhe-o-frei-anailton-em-itabuna","status":"publish","type":"post","link":"http:\/\/portalcatolico.net\/portal\/paroquia-santa-rita-de-cassia-acolhe-o-frei-anailton-em-itabuna\/","title":{"rendered":"Par\u00f3quia Santa Rita de C\u00e1ssia acolhe o Frei Anailton em Itabuna"},"content":{"rendered":"<p style=\"font-weight: 400;\">O p\u00e1roco da Par\u00f3quia Santa Rita de C\u00e1ssia, na cidade de Itabuna, o Pe.&nbsp; o&nbsp;Frei Jos\u00e9 Gen\u00edlton Castro, apresentou na noite deste domingo, 30 de&nbsp;setembro, na missa das 19h, o Pe. Frei Anailton Brito. O mesmo&nbsp; \u00e9 padre&nbsp;<br \/>\nda Ordem dos&nbsp; Frades Menores Capuchinho de Bahia e Sergipe.<\/p>\n<p style=\"font-weight: 400;\">Segundo o&nbsp;Frei Gen\u00edlton, os dois Frades j\u00e1 estudaram juntos Teologia e para ele \u00e9&nbsp;uma alegria conviver&nbsp; com o sacerdote novamente.<\/p>\n<p style=\"font-weight: 400;\">&nbsp;A vinda do&nbsp;Frei Anailton \u00e9 devido a ida do Frei Alberto para a It\u00e1lia.&nbsp;Na oportunidade, ele disse: &#8220;Eu vim para somar! Paz e bem!&#8221;<\/p>\n<p style=\"font-weight: 400;\">A equipe do&nbsp;Portal Cat\u00f3lico de Not\u00edcias&nbsp; deseja boas vindas ao padre Anailton.&nbsp;<\/p>\n<p>Foto:Acervo\/Portal Cat\u00f3lico.Net<\/p>\n","protected":false},"excerpt":{"rendered":"<p>O p\u00e1roco da Par\u00f3quia Santa Rita de C\u00e1ssia, na cidade de Itabuna, o Pe.&nbsp; o&nbsp;Frei Jos\u00e9 Gen\u00edlton Castro, apresentou na noite deste domingo, 30 de&nbsp;setembro, na missa das 19h, o Pe. Frei Anailton Brito. O mesmo&nbsp; \u00e9 padre&nbsp; da Ordem dos&nbsp; Frades Menores Capuchinho de Bahia e Sergipe. Segundo o&nbsp;Frei Gen\u00edlton, os dois Frades j\u00e1&nbsp;<\/p>\n<p><a class=\"btn btn-style\" href=\"http:\/\/portalcatolico.net\/portal\/paroquia-santa-rita-de-cassia-acolhe-o-frei-anailton-em-itabuna\/\">Continue Reading<\/a><\/p>\n","protected":false},"author":2,"featured_media":59325,"comment_status":"open","ping_status":"open","sticky":false,"template":"","format":"standard","meta":{"footnotes":""},"categories":[4],"tags":[],"class_list":["post-59324","post","type-post","status-publish","format-standard","has-post-thumbnail","hentry","category-destaques"],"_links":{"self":[{"href":"http:\/\/portalcatolico.net\/portal\/wp-json\/wp\/v2\/posts\/59324","targetHints":{"allow":["GET"]}}],"collection":[{"href":"http:\/\/portalcatolico.net\/portal\/wp-json\/wp\/v2\/posts"}],"about":[{"href":"http:\/\/portalcatolico.net\/portal\/wp-json\/wp\/v2\/types\/post"}],"author":[{"embeddable":true,"href":"http:\/\/portalcatolico.net\/portal\/wp-json\/wp\/v2\/users\/2"}],"replies":[{"embeddable":true,"href":"http:\/\/portalcatolico.net\/portal\/wp-json\/wp\/v2\/comments?post=59324"}],"version-history":[{"count":3,"href":"http:\/\/portalcatolico.net\/portal\/wp-json\/wp\/v2\/posts\/59324\/revisions"}],"predecessor-version":[{"id":59328,"href":"http:\/\/portalcatolico.net\/portal\/wp-json\/wp\/v2\/posts\/59324\/revisions\/59328"}],"wp:featuredmedia":[{"embeddable":true,"href":"http:\/\/portalcatolico.net\/portal\/wp-json\/wp\/v2\/media\/59325"}],"wp:attachment":[{"href":"http:\/\/portalcatolico.net\/portal\/wp-json\/wp\/v2\/media?parent=59324"}],"wp:term":[{"taxonomy":"category","embeddable":true,"href":"http:\/\/portalcatolico.net\/portal\/wp-json\/wp\/v2\/categories?post=59324"},{"taxonomy":"post_tag","embeddable":true,"href":"http:\/\/portalcatolico.net\/portal\/wp-json\/wp\/v2\/tags?post=59324"}],"curies":[{"name":"wp","href":"https:\/\/api.w.org\/{rel}","templated":true}]}}