{"id":59317,"date":"2018-10-01T06:12:51","date_gmt":"2018-10-01T09:12:51","guid":{"rendered":"http:\/\/portalcatolico.net\/portal\/?p=59317"},"modified":"2018-10-01T06:15:48","modified_gmt":"2018-10-01T09:15:48","slug":"multidao-de-jovens-catolicos-participam-do-dia-nacional-da-juventude-em-coaraci","status":"publish","type":"post","link":"http:\/\/portalcatolico.net\/portal\/multidao-de-jovens-catolicos-participam-do-dia-nacional-da-juventude-em-coaraci\/","title":{"rendered":"Multid\u00e3o de jovens cat\u00f3licos participam do Dia Nacional da Juventude em Coaraci"},"content":{"rendered":"<p style=\"font-weight: 400;\"><img loading=\"lazy\" decoding=\"async\" class=\"wp-image-59320 aligncenter\" src=\"http:\/\/portalcatolico.net\/portal\/wp-content\/uploads\/2018\/10\/IMG_0227-300x200.jpg\" alt=\"\" width=\"822\" height=\"548\" srcset=\"http:\/\/portalcatolico.net\/portal\/wp-content\/uploads\/2018\/10\/IMG_0227-300x200.jpg 300w, http:\/\/portalcatolico.net\/portal\/wp-content\/uploads\/2018\/10\/IMG_0227-768x512.jpg 768w, http:\/\/portalcatolico.net\/portal\/wp-content\/uploads\/2018\/10\/IMG_0227.jpg 1000w\" sizes=\"auto, (max-width: 822px) 100vw, 822px\" \/>A Diocese de Ilh\u00e9us, no sul da Bahia, realizou neste, domingo 30 de&nbsp;setembro, o Dia Nacional da Juventude (DNJ) e a cidade anfitri\u00e3&nbsp; foi&nbsp;Coaraci, que tem a&nbsp; Par\u00f3quia Nossa Senhora de Lourdes pertencente \u00e0&nbsp;&nbsp;Diocese acima citada. O evento&nbsp; reuniu uma multid\u00e3o de jovens cat\u00f3licos, al\u00e9m&nbsp; de&nbsp;religiosas e religiosos das mais de 40 par\u00f3quias.<\/p>\n<p style=\"font-weight: 400;\">O &nbsp;evento aconteceu no Gin\u00e1sio de Esportes da cidade,&nbsp;que ficou lotado. No local, havia at\u00e9 uma ambul\u00e2ncia \u00e0 disposi\u00e7\u00e3o do evento.<\/p>\n<p style=\"font-weight: 400;\">O tema abordado foi: &#8220;Juventude Construindo uma Cultura de Paz&#8221;.(Jo\u00e3o 16,23)<br \/>\nO DNJ aconteceu&nbsp; na&nbsp; Par\u00f3quia que est\u00e1 completando 50 anos de&nbsp;funda\u00e7\u00e3o e evangeliza\u00e7\u00e3o dentro dos festejos do Jubileu de Ouro, que tiveram in\u00edcio em outubro de 2017 e continuam neste ano.&nbsp;<br \/>\nO&nbsp; objetivo do DNJ foi interpelar a partir da ideia da constru\u00e7\u00e3o da paz como&nbsp;forma de combate \u00e0 viol\u00eancia e a importante&nbsp; do papel do jovem neste&nbsp;processo.<br \/>\nAs missas aconteceram&nbsp;\u00e0s 7h,na igreja matriz e \u00e0s 10h,no local do evento, com a presid\u00eancia do&nbsp;bispo Diocesano, Dom Mauro Montagnoli e concelebrado por padres e&nbsp;di\u00e1conos da Diocese.<br \/>\n\u00c1s 14h30, a palestrante da Diocese de Jequi\u00e9 (BA),&nbsp; Nicole Cegueira e&nbsp;falou para todos os presentes. Na oportunidade, ela disse: &#8220;A nossa Igreja est\u00e1 viva h\u00e1 dois mil e dezoito anos justamente pela nossa diversidade. Por esse olhar lindo que n\u00f3s somos. E estar aqui \u00e0 convite do setor Juventude \u00e9 uma alegria muito grande porque a gente entende que sozinhos n\u00e3o somos nada&#8221;.<\/p>\n<p style=\"font-weight: 400;\">Por volta das 15h, toda a juventude&nbsp; participou de uma caminhada. \u00c0s 16h, o encerramento aconteceu com a adora\u00e7\u00e3o e a b\u00ean\u00e7\u00e3o do Sant\u00edssimo Sacramento.<br \/>\nAo final, o p\u00e1roco da par\u00f3quia Nossa&nbsp; Senhora de&nbsp;Lourdes, o Pe. Edinilson Vivas,&nbsp; parabenizou e agradeceu a toda a&nbsp;juventude&nbsp; da Diocese de Ilh\u00e9us que participou deste evento t\u00e3o especial. Segundo ele, o objetivo do evento &#8220;\u00e9 que a partir dele os jovens possam construir a paz&#8221;. &nbsp;Padre Edinilson &nbsp;disse ainda um recado importante para os jovens: &#8220;Voc\u00eas, jovens, t\u00eam uma responsabilidade muito grande, pois Deus e a Igreja confiam em voc\u00eas!&#8221;. Nesse sentido, Dom Mauro Montagnoli, ratificou a import\u00e2ncia da juventude para a Igreja: &#8220;A esperan\u00e7a grande da Igreja na Juventude. Os jovens s\u00e3o o futuro da na\u00e7\u00e3o. Por isso, a Igreja cuida com carinho da Juventude e esse evento tem esse intuito de fortalecer o servi\u00e7o da Juventude nas comunidades para que os jovens sejam cada vez mais protagonistas da evangeliza\u00e7\u00e3o.&#8221;<br \/>\nVale ressaltar que o Dia Nacional da Juventude surgiu em 1985, durante o Ano Internacional&nbsp;<br \/>\nda Juventude, promovido pela Organiza\u00e7\u00e3o das Na\u00e7\u00f5es Unidas.<\/p>\n<p>Texto e fotos:Portal Cat\u00f3lico.Net<\/p>\n<p>\u00c1lbuns de fotos:<a href=\"http:\/\/portalcatolico.net\/portal\/dnj-2018-em-coaraci-ba\/\"><span style=\"color: #ff0000;\"><strong>Clique aqui<\/strong><\/span><\/a><\/p>\n","protected":false},"excerpt":{"rendered":"<p>A Diocese de Ilh\u00e9us, no sul da Bahia, realizou neste, domingo 30 de&nbsp;setembro, o Dia Nacional da Juventude (DNJ) e a cidade anfitri\u00e3&nbsp; foi&nbsp;Coaraci, que tem a&nbsp; Par\u00f3quia Nossa Senhora de Lourdes pertencente \u00e0&nbsp;&nbsp;Diocese acima citada. O evento&nbsp; reuniu uma multid\u00e3o de jovens cat\u00f3licos, al\u00e9m&nbsp; de&nbsp;religiosas e religiosos das mais de 40 par\u00f3quias. O &nbsp;evento&nbsp;<\/p>\n<p><a class=\"btn btn-style\" href=\"http:\/\/portalcatolico.net\/portal\/multidao-de-jovens-catolicos-participam-do-dia-nacional-da-juventude-em-coaraci\/\">Continue Reading<\/a><\/p>\n","protected":false},"author":2,"featured_media":59318,"comment_status":"open","ping_status":"open","sticky":false,"template":"","format":"standard","meta":{"footnotes":""},"categories":[65],"tags":[],"class_list":["post-59317","post","type-post","status-publish","format-standard","has-post-thumbnail","hentry","category-entrevistas"],"_links":{"self":[{"href":"http:\/\/portalcatolico.net\/portal\/wp-json\/wp\/v2\/posts\/59317","targetHints":{"allow":["GET"]}}],"collection":[{"href":"http:\/\/portalcatolico.net\/portal\/wp-json\/wp\/v2\/posts"}],"about":[{"href":"http:\/\/portalcatolico.net\/portal\/wp-json\/wp\/v2\/types\/post"}],"author":[{"embeddable":true,"href":"http:\/\/portalcatolico.net\/portal\/wp-json\/wp\/v2\/users\/2"}],"replies":[{"embeddable":true,"href":"http:\/\/portalcatolico.net\/portal\/wp-json\/wp\/v2\/comments?post=59317"}],"version-history":[{"count":4,"href":"http:\/\/portalcatolico.net\/portal\/wp-json\/wp\/v2\/posts\/59317\/revisions"}],"predecessor-version":[{"id":59323,"href":"http:\/\/portalcatolico.net\/portal\/wp-json\/wp\/v2\/posts\/59317\/revisions\/59323"}],"wp:featuredmedia":[{"embeddable":true,"href":"http:\/\/portalcatolico.net\/portal\/wp-json\/wp\/v2\/media\/59318"}],"wp:attachment":[{"href":"http:\/\/portalcatolico.net\/portal\/wp-json\/wp\/v2\/media?parent=59317"}],"wp:term":[{"taxonomy":"category","embeddable":true,"href":"http:\/\/portalcatolico.net\/portal\/wp-json\/wp\/v2\/categories?post=59317"},{"taxonomy":"post_tag","embeddable":true,"href":"http:\/\/portalcatolico.net\/portal\/wp-json\/wp\/v2\/tags?post=59317"}],"curies":[{"name":"wp","href":"https:\/\/api.w.org\/{rel}","templated":true}]}}