{"id":59311,"date":"2018-09-30T22:59:53","date_gmt":"2018-10-01T01:59:53","guid":{"rendered":"http:\/\/portalcatolico.net\/portal\/?p=59311"},"modified":"2018-10-01T06:04:07","modified_gmt":"2018-10-01T09:04:07","slug":"nona-edicao-da-gincana-biblica-catequetica-acontece-em-itabuna","status":"publish","type":"post","link":"http:\/\/portalcatolico.net\/portal\/nona-edicao-da-gincana-biblica-catequetica-acontece-em-itabuna\/","title":{"rendered":"Nona edi\u00e7\u00e3o da Gincana B\u00edblica Catequ\u00e9tica acontece em Itabuna"},"content":{"rendered":"<p style=\"font-weight: 400;\">A Pastoral da Catequese da Par\u00f3quia Santa Rita de C\u00e1ssia, da diocese de&nbsp;Itabuna (BA) realizou no \u00faltimo&nbsp; s\u00e1bado, 29 de setembro, mais uma Gincana&nbsp;B\u00edblica Catequ\u00e9tica. O evento j\u00e1 est\u00e1 na 9\u00aa edi\u00e7\u00e3o. Como o m\u00eas de&nbsp;setembro \u00e9 dedicado \u00e0 B\u00edblia, o evento foi realizado com o prop\u00f3sito de&nbsp;valorizar o livro sagrado.<\/p>\n<p style=\"font-weight: 400;\">A gincana contou com momentos de ora\u00e7\u00e3o e&nbsp;muitas alegrias para as crian\u00e7as e seus pais.&nbsp;<\/p>\n<p style=\"font-weight: 400;\">A&nbsp; Gincana b\u00edblica&nbsp;catequ\u00e9tica aconteceu nas depend\u00eancias da par\u00f3quia, por volta das&nbsp;15h, com a participa\u00e7\u00e3o das catequistas da Igreja matriz e das&nbsp;comunidades.<\/p>\n<p style=\"font-weight: 400;\">O tema foi abordado sobre a viol\u00eancia. A Gincana B\u00edblica Catequ\u00e9tica trata-se de um evento que \u00e9 realizado&nbsp;anualmente pelas catequistas da par\u00f3quia de Santa Rita de C\u00e1ssia, em&nbsp;prol das fam\u00edlias carentes do lix\u00e3o e de locais da cidade de&nbsp; Itabuna.&nbsp;&nbsp;<br \/>\nS\u00e3o arrecadados pelas catequistas e&nbsp; participantes, alimentos, roupas e&nbsp;cal\u00e7ados para doa\u00e7\u00e3o. A visita ao lix\u00e3o de Itabuna est\u00e1 prevista para&nbsp;acontecer no m\u00eas de outubro.<br \/>\nUm dos momentos mais esperados da Gincana \u00e9 quando acontece a&nbsp;brincadeiras de perguntas e respostas b\u00edblicas. Tamb\u00e9m aconteceu um&nbsp;momento muito especial, com as&nbsp; dramatiza\u00e7\u00f5es com as crian\u00e7as.<br \/>\nVale ressaltar, que todas as etapas valem pontos.<br \/>\nAo final, todas as equipes recebem medalhas e uma B\u00edblia pelos trabalhos&nbsp;de evangeliza\u00e7\u00e3o realizados.<\/p>\n<p style=\"font-weight: 400;\">&nbsp;A&nbsp;equipe que mais pontuou e se sagrou campe\u00e3 da Gincana foi Guerreiro de&nbsp;Cristo.<br \/>\nO 4\u00ba lugar ficou com os jovens do&nbsp; Soldadinho de Cristo, o 3\u00ba lugar&nbsp; ficou&nbsp; para Luz e Guia e em 2\u00ba lugar ficou para&nbsp; o grupo com o nome de&nbsp;Amigos de Cristo, s\u00e3o crian\u00e7as e jovens e adolescentes que est\u00e3o&nbsp;<br \/>\nestudando catequese.<br \/>\nA Coordenadora&nbsp; da Pastoral da Catequese falou para os participantes&nbsp;&nbsp;das equipes: &#8220;Se sintam todos&nbsp; campe\u00f5es, pois todos foram muito bem&nbsp; nas&nbsp;respostas do livro sagrado e nas dramatiza\u00e7\u00f5es. Voc\u00eas todos est\u00e3o de&nbsp;<br \/>\nparab\u00e9ns. At\u00e9 o pr\u00f3ximo ano com nossa Gincana B\u00edblica&#8221;, finalizou.<\/p>\n<p>Texto e fotos:Portal Cat\u00f3lico.Net<\/p>\n<p>\u00c1lbuns de fotos. <a href=\"http:\/\/portalcatolico.net\/portal\/gincana-biblica-em-itabuna\/\"><span style=\"color: #ff0000;\"><strong>Clique aqui<\/strong><\/span><\/a><\/p>\n","protected":false},"excerpt":{"rendered":"<p>A Pastoral da Catequese da Par\u00f3quia Santa Rita de C\u00e1ssia, da diocese de&nbsp;Itabuna (BA) realizou no \u00faltimo&nbsp; s\u00e1bado, 29 de setembro, mais uma Gincana&nbsp;B\u00edblica Catequ\u00e9tica. O evento j\u00e1 est\u00e1 na 9\u00aa edi\u00e7\u00e3o. Como o m\u00eas de&nbsp;setembro \u00e9 dedicado \u00e0 B\u00edblia, o evento foi realizado com o prop\u00f3sito de&nbsp;valorizar o livro sagrado. A gincana contou com&nbsp;<\/p>\n<p><a class=\"btn btn-style\" href=\"http:\/\/portalcatolico.net\/portal\/nona-edicao-da-gincana-biblica-catequetica-acontece-em-itabuna\/\">Continue Reading<\/a><\/p>\n","protected":false},"author":2,"featured_media":59312,"comment_status":"open","ping_status":"open","sticky":false,"template":"","format":"standard","meta":{"footnotes":""},"categories":[4],"tags":[],"class_list":["post-59311","post","type-post","status-publish","format-standard","has-post-thumbnail","hentry","category-destaques"],"_links":{"self":[{"href":"http:\/\/portalcatolico.net\/portal\/wp-json\/wp\/v2\/posts\/59311","targetHints":{"allow":["GET"]}}],"collection":[{"href":"http:\/\/portalcatolico.net\/portal\/wp-json\/wp\/v2\/posts"}],"about":[{"href":"http:\/\/portalcatolico.net\/portal\/wp-json\/wp\/v2\/types\/post"}],"author":[{"embeddable":true,"href":"http:\/\/portalcatolico.net\/portal\/wp-json\/wp\/v2\/users\/2"}],"replies":[{"embeddable":true,"href":"http:\/\/portalcatolico.net\/portal\/wp-json\/wp\/v2\/comments?post=59311"}],"version-history":[{"count":4,"href":"http:\/\/portalcatolico.net\/portal\/wp-json\/wp\/v2\/posts\/59311\/revisions"}],"predecessor-version":[{"id":59316,"href":"http:\/\/portalcatolico.net\/portal\/wp-json\/wp\/v2\/posts\/59311\/revisions\/59316"}],"wp:featuredmedia":[{"embeddable":true,"href":"http:\/\/portalcatolico.net\/portal\/wp-json\/wp\/v2\/media\/59312"}],"wp:attachment":[{"href":"http:\/\/portalcatolico.net\/portal\/wp-json\/wp\/v2\/media?parent=59311"}],"wp:term":[{"taxonomy":"category","embeddable":true,"href":"http:\/\/portalcatolico.net\/portal\/wp-json\/wp\/v2\/categories?post=59311"},{"taxonomy":"post_tag","embeddable":true,"href":"http:\/\/portalcatolico.net\/portal\/wp-json\/wp\/v2\/tags?post=59311"}],"curies":[{"name":"wp","href":"https:\/\/api.w.org\/{rel}","templated":true}]}}