{"id":59188,"date":"2018-09-30T16:19:04","date_gmt":"2018-09-30T19:19:04","guid":{"rendered":"http:\/\/portalcatolico.net\/portal\/?p=59188"},"modified":"2018-09-30T16:19:04","modified_gmt":"2018-09-30T19:19:04","slug":"papa-rezar-o-terco-todos-os-dias-em-outubro","status":"publish","type":"post","link":"http:\/\/portalcatolico.net\/portal\/papa-rezar-o-terco-todos-os-dias-em-outubro\/","title":{"rendered":"Papa: rezar o Ter\u00e7o todos os dias em outubro"},"content":{"rendered":"<div class=\"article__subTitle\">A pedido do Santo Padre, a Rede Mundial de Ora\u00e7\u00e3o lan\u00e7a, neste m\u00eas de outubro, uma Campanha especial de Ora\u00e7\u00e3o para que os fi\u00e9is de todos os Continentes possam invocar Nossa Senhora e o Arcanjo Miguel, para que protejam a Igreja nestes tempos dif\u00edceis.<\/div>\n<div class=\"title__separator\">&nbsp;<\/div>\n<div class=\"article__text\">\n<p>Neste s\u00e1bado (29\/9), dia em que a Liturgia celebra os Santos Arcanjos Miguel, Gabriel e Rafael, o Papa pede \u00e0 Rede Mundial de Ora\u00e7\u00e3o que ajude os fi\u00e9is a rezarem, diariamente, neste m\u00eas de outubro, o Ter\u00e7o \u201ccontra o mal que divide a Comunidade crist\u00e3\u201d.<\/p>\n<p>Por isso, a pedido do Santo Padre, a Rede Mundial de Ora\u00e7\u00e3o lan\u00e7a, neste m\u00eas de outubro, uma Campanha especial de Ora\u00e7\u00e3o para que os fi\u00e9is de todos os Continentes possam invocar Nossa Senhora e o Arcanjo Miguel, para que protejam a Igreja nestes tempos dif\u00edceis.<\/p>\n<p>Com efeito, recentemente, vivemos na Igreja situa\u00e7\u00f5es dif\u00edceis, como cont\u00ednuas den\u00fancias de abuso sexual por parte do clero, das pessoas consagradas e dos leigos. O aumento dos abusos e divis\u00f5es internas na Igreja, certamente, \u00e9 favorecido pelo esp\u00edrito maligno, \u201cinimigo mortal da nossa natureza humana\u201d.<\/p>\n<p>Na tradi\u00e7\u00e3o crist\u00e3, o mal se apresenta em diversas formas, como de \u201cSatan\u00e1s\u201d, que em hebraico significa \u201cadvers\u00e1rio\u201d, ou \u201cDiabo\u201d, que, em grego, \u00e9 aquele que divide e semeia disc\u00f3rdia.<\/p>\n<p>Na tradi\u00e7\u00e3o b\u00edblica, fala-se tamb\u00e9m de \u201csedutor do mundo\u201d, \u201cpai da mentira\u201d ou \u201cL\u00facifer\u201d, que se apresenta como anjo da luz e do bem, mas conduz ao engano.<\/p>\n<p>Enfim, o mal se manifesta de diversos modos, complicando a miss\u00e3o de evangeliza\u00e7\u00e3o da Igreja, chegando at\u00e9 a desacredit\u00e1-la. Em parte, a responsabilidade \u00e9 nossa por deixarmo-nos levar pelas paix\u00f5es e n\u00e3o pela verdadeira vida: a riqueza, a vaidade e o orgulho. Estes s\u00e3o os caminhos pelos quais o maligno nos seduz e nos arrasta para o mal, levando-nos a cometer a\u00e7\u00f5es perversas, como disc\u00f3rdias, mentiras etc.<\/p>\n<p>Na sua Carta ao Povo de Deus, no \u00faltimo dia 20 de agosto, o Santo Padre recordou: \u201cSe um membro sofre, todos sofrem com ele&#8230; Quando experimentamos a desola\u00e7\u00e3o, que provoca tantas chagas na Igreja, devemos persistir na ora\u00e7\u00e3o a Maria e buscar crescer no amor e na fidelidade eclesial\u201d.<\/p>\n<p>Portanto, neste m\u00eas de outubro, o Santo Padre pede a todos os fi\u00e9is um maior esfor\u00e7o nas ora\u00e7\u00f5es pessoais e comunit\u00e1rias, rezando, todos os dias, o Ter\u00e7o a Nossa Senhora, para que a Virgem Maria proteja a Igreja, nestes tempos de crise, e o Arcanjo S\u00e3o Miguel a defenda dos ataques do inimigo. Segundo a tradi\u00e7\u00e3o eclesial, este Arcanjo \u00e9 o chefe dos ex\u00e9rcitos celestes e protetor da Igreja.<\/p>\n<p>Ao t\u00e9rmino da ora\u00e7\u00e3o mariana do Ter\u00e7o, o Papa nos convida a rezar a mais antiga invoca\u00e7\u00e3o \u00e0 Santa M\u00e3e de Deus \u201c<i>Sub tuum praesidium<\/i>\u201d (\u201cSob a vossa prote\u00e7\u00e3o\u201d) e a tradicional ora\u00e7\u00e3o a S\u00e3o Miguel, escrita por Le\u00e3o XIII:<\/p>\n<p><b>Ora\u00e7\u00e3o a Nossa Senhora<\/b><\/p>\n<p><i>\u00ab\u00c0 Vossa Prote\u00e7\u00e3o recorremos, Santa M\u00e3e de Deus. N\u00e3o desprezeis as nossas s\u00faplicas em nossas necessidades, mas livrai-nos sempre de todos os perigos, \u00f3 Virgem gloriosa e bendita!\u00bb<\/i><\/p>\n<p><b>Ora\u00e7\u00e3o a S\u00e3o Miguel Arcanjo<\/b><\/p>\n<p><i>\u00abS\u00e3o Miguel Arcanjo, defendei-nos no combate. Sede o nosso ref\u00fagio contra as maldades e ciladas do dem\u00f4nio. Que Deus manifeste o seu poder sobre ele. Eis a nossa humilde s\u00faplica. E v\u00f3s, Pr\u00edncipe da Mil\u00edcia Celeste, com o poder que Deus vos conferiu, precipitai no inferno Satan\u00e1s e os outros esp\u00edritos malignos, que andam pelo mundo tentando as almas. Am\u00e9m!\u00bb.<\/i><\/p>\n<p>Fonte: Vatican Midia<\/p>\n<\/div>\n","protected":false},"excerpt":{"rendered":"<p>A pedido do Santo Padre, a Rede Mundial de Ora\u00e7\u00e3o lan\u00e7a, neste m\u00eas de outubro, uma Campanha especial de Ora\u00e7\u00e3o para que os fi\u00e9is de todos os Continentes possam invocar Nossa Senhora e o Arcanjo Miguel, para que protejam a Igreja nestes tempos dif\u00edceis. &nbsp; Neste s\u00e1bado (29\/9), dia em que a Liturgia celebra os&nbsp;<\/p>\n<p><a class=\"btn btn-style\" href=\"http:\/\/portalcatolico.net\/portal\/papa-rezar-o-terco-todos-os-dias-em-outubro\/\">Continue Reading<\/a><\/p>\n","protected":false},"author":2,"featured_media":59189,"comment_status":"open","ping_status":"open","sticky":false,"template":"","format":"standard","meta":{"footnotes":""},"categories":[5],"tags":[],"class_list":["post-59188","post","type-post","status-publish","format-standard","has-post-thumbnail","hentry","category-igreja_no_mundo"],"_links":{"self":[{"href":"http:\/\/portalcatolico.net\/portal\/wp-json\/wp\/v2\/posts\/59188","targetHints":{"allow":["GET"]}}],"collection":[{"href":"http:\/\/portalcatolico.net\/portal\/wp-json\/wp\/v2\/posts"}],"about":[{"href":"http:\/\/portalcatolico.net\/portal\/wp-json\/wp\/v2\/types\/post"}],"author":[{"embeddable":true,"href":"http:\/\/portalcatolico.net\/portal\/wp-json\/wp\/v2\/users\/2"}],"replies":[{"embeddable":true,"href":"http:\/\/portalcatolico.net\/portal\/wp-json\/wp\/v2\/comments?post=59188"}],"version-history":[{"count":1,"href":"http:\/\/portalcatolico.net\/portal\/wp-json\/wp\/v2\/posts\/59188\/revisions"}],"predecessor-version":[{"id":59190,"href":"http:\/\/portalcatolico.net\/portal\/wp-json\/wp\/v2\/posts\/59188\/revisions\/59190"}],"wp:featuredmedia":[{"embeddable":true,"href":"http:\/\/portalcatolico.net\/portal\/wp-json\/wp\/v2\/media\/59189"}],"wp:attachment":[{"href":"http:\/\/portalcatolico.net\/portal\/wp-json\/wp\/v2\/media?parent=59188"}],"wp:term":[{"taxonomy":"category","embeddable":true,"href":"http:\/\/portalcatolico.net\/portal\/wp-json\/wp\/v2\/categories?post=59188"},{"taxonomy":"post_tag","embeddable":true,"href":"http:\/\/portalcatolico.net\/portal\/wp-json\/wp\/v2\/tags?post=59188"}],"curies":[{"name":"wp","href":"https:\/\/api.w.org\/{rel}","templated":true}]}}