{"id":59185,"date":"2018-09-30T14:25:59","date_gmt":"2018-09-30T17:25:59","guid":{"rendered":"http:\/\/portalcatolico.net\/portal\/?p=59185"},"modified":"2018-09-30T14:27:48","modified_gmt":"2018-09-30T17:27:48","slug":"formacao-do-apostolado-da-oracao-forania-centro-diocese-de-itabuna","status":"publish","type":"post","link":"http:\/\/portalcatolico.net\/portal\/formacao-do-apostolado-da-oracao-forania-centro-diocese-de-itabuna\/","title":{"rendered":"Forma\u00e7\u00e3o do Apostolado da Ora\u00e7\u00e3o Forania Centro Diocese de Itabuna"},"content":{"rendered":"<p class=\"gmail-font_7\"><span class=\"gmail-transparent\">A Par\u00f3quia Santa Rita de C\u00e1ssia acolheu neste s\u00e1bado, 29, uma tarde de forma\u00e7\u00e3o dos membros do Apostolado da Ora\u00e7\u00e3o (AO) e Movimento Eucar\u00edstico Jovem (MEJ) da forania Centro da Diocese de Itabuna.<br \/>\n<\/span><span class=\"gmail-transparent\">Compareceram representantes das par\u00f3quias que cont\u00e9m Apostolado, sendo zelados e zeladores de Itabuna e tamb\u00e9m o MEJ da Par\u00f3quia Nossa Senhora de F\u00e1tima.<br \/>\n<\/span><span class=\"gmail-transparent\">O evento aconteceu no sal\u00e3o da Par\u00f3quia acolhedora, iniciou com ora\u00e7\u00e3o e oferecimento do dia com as intens\u00f5es do Papa para este m\u00eas, foi conduzido pela presidente Diocesana Agda Paz.<\/span><\/p>\n<p class=\"gmail-font_7\"><span class=\"gmail-transparent\">A forma\u00e7\u00e3o foi ministrada pelo Associado Rafael do AO de Buerarema e representante do Apostolado da Forania Sul da Diocese, que partilhou sobre o que \u00e9 o Apostolado e a\u00e7\u00f5es que s\u00e3o propostas pelo movimento, como tamb\u00e9m, o associado Anderson do Apostolado de Ibicara\u00ed e representante do Apostolado da Forania Norte, que ministrou sobre a recria\u00e7\u00e3o do Apostolado e suas novas diretrizes.<\/span><\/p>\n<p class=\"gmail-font_7\">O encontro teve tamb\u00e9m a&#8230;<a href=\"http:\/\/diocesedeitabuna.com.br\/formacao-do-apostolado-da-oracao-forania-centro-diocese-de-itabuna\/\"><span style=\"color: #ff0000;\"><strong>continue lendo<\/strong><\/span><\/a><\/p>\n","protected":false},"excerpt":{"rendered":"<p>A Par\u00f3quia Santa Rita de C\u00e1ssia acolheu neste s\u00e1bado, 29, uma tarde de forma\u00e7\u00e3o dos membros do Apostolado da Ora\u00e7\u00e3o (AO) e Movimento Eucar\u00edstico Jovem (MEJ) da forania Centro da Diocese de Itabuna. Compareceram representantes das par\u00f3quias que cont\u00e9m Apostolado, sendo zelados e zeladores de Itabuna e tamb\u00e9m o MEJ da Par\u00f3quia Nossa Senhora de&nbsp;<\/p>\n<p><a class=\"btn btn-style\" href=\"http:\/\/portalcatolico.net\/portal\/formacao-do-apostolado-da-oracao-forania-centro-diocese-de-itabuna\/\">Continue Reading<\/a><\/p>\n","protected":false},"author":2,"featured_media":59187,"comment_status":"open","ping_status":"open","sticky":false,"template":"","format":"standard","meta":{"footnotes":""},"categories":[4],"tags":[],"class_list":["post-59185","post","type-post","status-publish","format-standard","has-post-thumbnail","hentry","category-destaques"],"_links":{"self":[{"href":"http:\/\/portalcatolico.net\/portal\/wp-json\/wp\/v2\/posts\/59185","targetHints":{"allow":["GET"]}}],"collection":[{"href":"http:\/\/portalcatolico.net\/portal\/wp-json\/wp\/v2\/posts"}],"about":[{"href":"http:\/\/portalcatolico.net\/portal\/wp-json\/wp\/v2\/types\/post"}],"author":[{"embeddable":true,"href":"http:\/\/portalcatolico.net\/portal\/wp-json\/wp\/v2\/users\/2"}],"replies":[{"embeddable":true,"href":"http:\/\/portalcatolico.net\/portal\/wp-json\/wp\/v2\/comments?post=59185"}],"version-history":[{"count":1,"href":"http:\/\/portalcatolico.net\/portal\/wp-json\/wp\/v2\/posts\/59185\/revisions"}],"predecessor-version":[{"id":59186,"href":"http:\/\/portalcatolico.net\/portal\/wp-json\/wp\/v2\/posts\/59185\/revisions\/59186"}],"wp:featuredmedia":[{"embeddable":true,"href":"http:\/\/portalcatolico.net\/portal\/wp-json\/wp\/v2\/media\/59187"}],"wp:attachment":[{"href":"http:\/\/portalcatolico.net\/portal\/wp-json\/wp\/v2\/media?parent=59185"}],"wp:term":[{"taxonomy":"category","embeddable":true,"href":"http:\/\/portalcatolico.net\/portal\/wp-json\/wp\/v2\/categories?post=59185"},{"taxonomy":"post_tag","embeddable":true,"href":"http:\/\/portalcatolico.net\/portal\/wp-json\/wp\/v2\/tags?post=59185"}],"curies":[{"name":"wp","href":"https:\/\/api.w.org\/{rel}","templated":true}]}}