{"id":59180,"date":"2018-09-30T06:57:19","date_gmt":"2018-09-30T09:57:19","guid":{"rendered":"http:\/\/portalcatolico.net\/portal\/?p=59180"},"modified":"2018-09-30T07:03:33","modified_gmt":"2018-09-30T10:03:33","slug":"vem-ai-o-triduo-em-honra-a-sao-francisco-de-assis","status":"publish","type":"post","link":"http:\/\/portalcatolico.net\/portal\/vem-ai-o-triduo-em-honra-a-sao-francisco-de-assis\/","title":{"rendered":"Vem a\u00ed o Tr\u00edduo em honra \u00e0 S\u00e3o Francisco de Assis!"},"content":{"rendered":"<p style=\"font-weight: 400;\">A par\u00f3quia Santa Rita de C\u00e1ssia na cidade e Diocese de Itabuna realizar\u00e1&nbsp;o Tr\u00edduo e Festa de S\u00e3o Francisco na comunidade de S\u00e3o Francisco de&nbsp;Assis, que fica situada no bairro Banco Raso, e Itabuna (BA).<\/p>\n<p style=\"font-weight: 400;\">O Tr\u00edduo come\u00e7a nesta segunda-feira, 1\u00ba de outubro,&nbsp; e segue at\u00e9 o dia 04 de outubro.<\/p>\n<p style=\"font-weight: 400;\">O tema central do padroeiro do Banco Raso \u00e9:&nbsp;&nbsp;&#8220;Como S\u00e3o Francisco, somos sujeitos na &#8220;Igreja em sa\u00edda&#8221;, a servi\u00e7o do&nbsp;Reino.<\/p>\n<p style=\"font-weight: 400;\">Confira a programa\u00e7\u00e3o:<\/p>\n<p style=\"font-weight: 400;\"><strong>1\u00aa Noite: 01\/10-( Segunda-feira -19h)<\/strong><\/p>\n<p style=\"font-weight: 400;\">Subtema: Leigos e leigas: Crist\u00e3os batizados membros do corpo de Cristo&nbsp;<br \/>\ne sujeitos na igreja.<br \/>\nLiturgia: Legi\u00e3o de Maria<br \/>\nQuermesse: Pastoral da Catequese<br \/>\nOs convidados da noite: Comunidade Nossa Senhora de Lourdes, Pastoral da&nbsp;<br \/>\nComunica\u00e7\u00e3o (PASCOM),Coroinhas, Ter\u00e7o dos Homens, Grupo Bom Viver,&nbsp;<br \/>\nLoteamento Santa Tereza do Banco Raso, Grupo Santo Ant\u00f4nio, Pastora&nbsp;<br \/>\nFamiliar, Grupo S\u00e3o Lucas e MECE<br \/>\nOferta da noite: Caf\u00e9, A\u00e7\u00facar e Biscoito.<\/p>\n<p><strong>&nbsp;2\u00aa Noite: 02\/10 (Ter\u00e7a-feira- 19h)<\/strong><br \/>\nSubtema: Leigos e Leigas: Chamados a viver a santidade na Igreja e no&nbsp;<br \/>\nmundo.<br \/>\nLiturgia: OFS e Pastoral da Catequese<br \/>\nQuermesse: Equipe da Pastoral do Dizimo<br \/>\nOs convidados da noite: Comunidade Santa Luzia, MEFA, Ter\u00e7o dos Homens,&nbsp;<br \/>\nBNH, Par\u00f3quia Nossa Senhora das Vit\u00f3rias, Comerciantes, OFS, Pastoral do&nbsp;<br \/>\nBatismo, EJC, Padre Pio e Pastoral da Catequese.<br \/>\nOferta da noite: Material de limpeza e higiene pessoal<\/p>\n<p>&nbsp;<strong>3\u00aa Noite: 03\/10 (Quarta-feira -19h)<\/strong><br \/>\nSubtema: Leigos e Leigas: Instru\u00eddos pela palavra de Deus e enviados em&nbsp;<br \/>\nmiss\u00e3o.<br \/>\nLiturgia: Equipe da Pastoral do Dizimo.<br \/>\nQuermesse: Legi\u00e3o de Maria<br \/>\nOs convidados da noite: Comunidade S\u00e3o Paulo Apostolo, RCC, Apostolado&nbsp;<br \/>\nda Ora\u00e7\u00e3o, Grupo Pio, ECC, Escola Passo a Passo, e Pastoral do Dizimo.<br \/>\n&nbsp;&nbsp;&nbsp;&nbsp;&nbsp;&nbsp;&nbsp;&nbsp;&nbsp;&nbsp;&nbsp;&nbsp;&nbsp;&nbsp;&nbsp;&nbsp;&nbsp;&nbsp;&nbsp;&nbsp;&nbsp;&nbsp;&nbsp;&nbsp;&nbsp;&nbsp;&nbsp;&nbsp;&nbsp;&nbsp;&nbsp;&nbsp;&nbsp;&nbsp;&nbsp;&nbsp;&nbsp;&nbsp;&nbsp;&nbsp;&nbsp;&nbsp;&nbsp;&nbsp;&nbsp;&nbsp;&nbsp;&nbsp;&nbsp;&nbsp;&nbsp;&nbsp;&nbsp;&nbsp;&nbsp;&nbsp;&nbsp;&nbsp;&nbsp;&nbsp;&nbsp;&nbsp;&nbsp;&nbsp;&nbsp;&nbsp;&nbsp;&nbsp;&nbsp;&nbsp;&nbsp;&nbsp;&nbsp;&nbsp;<strong>Dia da festa<\/strong><br \/>\n04\/10 (Ter\u00e7a-Feira 19h)<br \/>\nSubtema: Leigos e Leigas: Sal da Terra, luz do mundo, Fermento na massa.<br \/>\n06h -Alvorada- Repicar de sinos<br \/>\n09h-Ben\u00e7\u00e3o dos animais<br \/>\n18h-Prociss\u00e3o luminosa pelos&nbsp;&nbsp; ruas do&nbsp; bairro, seguida de&nbsp;&nbsp;celebra\u00e7\u00e3o&nbsp;<br \/>\neucar\u00edstica e b\u00ean\u00e7\u00e3o com Sant\u00edssimo Sacramento.<br \/>\nRespons\u00e1veis pela liturgia: Os membros da comunidade de S\u00e3o Francisco de&nbsp;<br \/>\nAssis.<br \/>\nConvidados: Todos os grupos, pastorais, movimentos, comunidades e&nbsp; devotos de S\u00e3o Francisco Assis.&nbsp;<\/p>\n<p style=\"font-weight: 400;\">Organiza\u00e7\u00e3o: Membros da Comunidade de&nbsp;S\u00e3o Francisco de Assis<\/p>\n<p style=\"font-weight: 400;\">Realiza\u00e7\u00e3o: Par\u00f3quia Santa Rita de C\u00e1ssia (que tem como Padres, os Frades&nbsp; Menores Capuchinhos: O Pe. Frei&nbsp;Jos\u00e9 Gen\u00edlton Castro (P\u00e1roco), Pe. o Frei Carlos In\u00e1cio(vig\u00e1rio&nbsp;paroquial).<\/p>\n<p>Foto:Acervo\/Portal Cat\u00f3lico.Net<\/p>\n","protected":false},"excerpt":{"rendered":"<p>A par\u00f3quia Santa Rita de C\u00e1ssia na cidade e Diocese de Itabuna realizar\u00e1&nbsp;o Tr\u00edduo e Festa de S\u00e3o Francisco na comunidade de S\u00e3o Francisco de&nbsp;Assis, que fica situada no bairro Banco Raso, e Itabuna (BA). O Tr\u00edduo come\u00e7a nesta segunda-feira, 1\u00ba de outubro,&nbsp; e segue at\u00e9 o dia 04 de outubro. O tema central do&nbsp;<\/p>\n<p><a class=\"btn btn-style\" href=\"http:\/\/portalcatolico.net\/portal\/vem-ai-o-triduo-em-honra-a-sao-francisco-de-assis\/\">Continue Reading<\/a><\/p>\n","protected":false},"author":2,"featured_media":59183,"comment_status":"open","ping_status":"open","sticky":false,"template":"","format":"standard","meta":{"footnotes":""},"categories":[1],"tags":[],"class_list":["post-59180","post","type-post","status-publish","format-standard","has-post-thumbnail","hentry","category-agenda"],"_links":{"self":[{"href":"http:\/\/portalcatolico.net\/portal\/wp-json\/wp\/v2\/posts\/59180","targetHints":{"allow":["GET"]}}],"collection":[{"href":"http:\/\/portalcatolico.net\/portal\/wp-json\/wp\/v2\/posts"}],"about":[{"href":"http:\/\/portalcatolico.net\/portal\/wp-json\/wp\/v2\/types\/post"}],"author":[{"embeddable":true,"href":"http:\/\/portalcatolico.net\/portal\/wp-json\/wp\/v2\/users\/2"}],"replies":[{"embeddable":true,"href":"http:\/\/portalcatolico.net\/portal\/wp-json\/wp\/v2\/comments?post=59180"}],"version-history":[{"count":3,"href":"http:\/\/portalcatolico.net\/portal\/wp-json\/wp\/v2\/posts\/59180\/revisions"}],"predecessor-version":[{"id":59184,"href":"http:\/\/portalcatolico.net\/portal\/wp-json\/wp\/v2\/posts\/59180\/revisions\/59184"}],"wp:featuredmedia":[{"embeddable":true,"href":"http:\/\/portalcatolico.net\/portal\/wp-json\/wp\/v2\/media\/59183"}],"wp:attachment":[{"href":"http:\/\/portalcatolico.net\/portal\/wp-json\/wp\/v2\/media?parent=59180"}],"wp:term":[{"taxonomy":"category","embeddable":true,"href":"http:\/\/portalcatolico.net\/portal\/wp-json\/wp\/v2\/categories?post=59180"},{"taxonomy":"post_tag","embeddable":true,"href":"http:\/\/portalcatolico.net\/portal\/wp-json\/wp\/v2\/tags?post=59180"}],"curies":[{"name":"wp","href":"https:\/\/api.w.org\/{rel}","templated":true}]}}