{"id":59177,"date":"2018-09-29T18:40:05","date_gmt":"2018-09-29T21:40:05","guid":{"rendered":"http:\/\/portalcatolico.net\/portal\/?p=59177"},"modified":"2018-09-30T06:40:45","modified_gmt":"2018-09-30T09:40:45","slug":"faleceu-dom-dirceu-vegini-bispo-de-foz-do-iguacu-pr","status":"publish","type":"post","link":"http:\/\/portalcatolico.net\/portal\/faleceu-dom-dirceu-vegini-bispo-de-foz-do-iguacu-pr\/","title":{"rendered":"Faleceu dom Dirceu Vegini, bispo de Foz do Igua\u00e7u (PR)"},"content":{"rendered":"<p>Faleceu na manh\u00e3 deste s\u00e1bado, 29 de setembro, dom Dirceu Vegini, bispo da Diocese de Foz do Igua\u00e7u (PR). Dom Dirceu tinha 66 anos e estava internado no Hospital Ministro Costa Cavalcanti desde 30 de agosto, para tratamento de um c\u00e2ncer no f\u00edgado. Dom Dirceu Vegini nasceu em Massaranduba, Santa Catarina, no dia 14 de abril de 1952, onde foi ordenado sacerdote em 21 de janeiro de 1984.<\/p>\n<p>Nota Oficial<\/p>\n<p>O site \u201cPortal da Cidade\u201d, de Foz de Igua\u00e7u, publicou nota oficial da Funda\u00e7\u00e3o de Sa\u00fade Itaiguapy, por meio de sua Assessoria de Comunica\u00e7\u00e3o Social, presta esclarecimentos a partir da solicita\u00e7\u00e3o da imprensa de Foz do Igua\u00e7u:<\/p>\n<p>1<em>. Informamos que o Bispo Dom Dirceu Vegini estava internado no Hospital Ministro Costa Cavalcanti (HMCC) desde 30 de agosto de 2018.<\/em><\/p>\n<p><em>2. Passou por procedimentos cir\u00fargicos durante o internamento, permaneceu na Unidade de Terapia Intensiva (UTI) durante todo tempo, e sofreu uma parada card\u00edaca esta madrugada, teve um sangramento, por\u00e9m pelo estado cr\u00edtico de sa\u00fade, n\u00e3o foi poss\u00edvel lev\u00e1-lo para uma nova cirurgia.<\/em><\/p>\n<p><em>3. Nesta manh\u00e3, 29, sofreu uma nova parada card\u00edaca e n\u00e3o resistiu.<\/em><\/p>\n<p><em>4. \u00c9 com muita tristeza e pesar que o HMCC informa que o Bispo Dom Dirceu evolui a \u00f3bito \u00e0s 11h16 de hoje.<\/em><\/p>\n<p><em>Foz do Igua\u00e7u, 29 de setembro de 2018.<\/em><\/p>\n<p><strong>Ex\u00e9quias<\/strong><\/p>\n<p>Hor\u00e1rios do Vel\u00f3rio de Dom Dirceu Vegini na Catedral Diocesana Nossa Senhora de Guadalupe:<\/p>\n<p>Chegada do Corpo \u00e0s 18 hs deste s\u00e1bado 29 de setembro;<\/p>\n<p>Missas:<br \/>\nDia 29 \u00e0s 19hs;<br \/>\nDia 30 \u00e0s 8, 10, 16 e 19 hs.<br \/>\nDia 01 missa e \u00faltima encomendac\u00e3o as 9hs 30min, na Catedral em constru\u00e7\u00e3o, em seguida o sepultamento na Cripta da Catedral.<\/p>\n<p>Informa\u00e7\u00f5es e foto do site oficial da CNBB<\/p>\n","protected":false},"excerpt":{"rendered":"<p>Faleceu na manh\u00e3 deste s\u00e1bado, 29 de setembro, dom Dirceu Vegini, bispo da Diocese de Foz do Igua\u00e7u (PR). Dom Dirceu tinha 66 anos e estava internado no Hospital Ministro Costa Cavalcanti desde 30 de agosto, para tratamento de um c\u00e2ncer no f\u00edgado. Dom Dirceu Vegini nasceu em Massaranduba, Santa Catarina, no dia 14 de&nbsp;<\/p>\n<p><a class=\"btn btn-style\" href=\"http:\/\/portalcatolico.net\/portal\/faleceu-dom-dirceu-vegini-bispo-de-foz-do-iguacu-pr\/\">Continue Reading<\/a><\/p>\n","protected":false},"author":2,"featured_media":59178,"comment_status":"open","ping_status":"open","sticky":false,"template":"","format":"standard","meta":{"footnotes":""},"categories":[3],"tags":[],"class_list":["post-59177","post","type-post","status-publish","format-standard","has-post-thumbnail","hentry","category-noticias_regionais"],"_links":{"self":[{"href":"http:\/\/portalcatolico.net\/portal\/wp-json\/wp\/v2\/posts\/59177","targetHints":{"allow":["GET"]}}],"collection":[{"href":"http:\/\/portalcatolico.net\/portal\/wp-json\/wp\/v2\/posts"}],"about":[{"href":"http:\/\/portalcatolico.net\/portal\/wp-json\/wp\/v2\/types\/post"}],"author":[{"embeddable":true,"href":"http:\/\/portalcatolico.net\/portal\/wp-json\/wp\/v2\/users\/2"}],"replies":[{"embeddable":true,"href":"http:\/\/portalcatolico.net\/portal\/wp-json\/wp\/v2\/comments?post=59177"}],"version-history":[{"count":1,"href":"http:\/\/portalcatolico.net\/portal\/wp-json\/wp\/v2\/posts\/59177\/revisions"}],"predecessor-version":[{"id":59179,"href":"http:\/\/portalcatolico.net\/portal\/wp-json\/wp\/v2\/posts\/59177\/revisions\/59179"}],"wp:featuredmedia":[{"embeddable":true,"href":"http:\/\/portalcatolico.net\/portal\/wp-json\/wp\/v2\/media\/59178"}],"wp:attachment":[{"href":"http:\/\/portalcatolico.net\/portal\/wp-json\/wp\/v2\/media?parent=59177"}],"wp:term":[{"taxonomy":"category","embeddable":true,"href":"http:\/\/portalcatolico.net\/portal\/wp-json\/wp\/v2\/categories?post=59177"},{"taxonomy":"post_tag","embeddable":true,"href":"http:\/\/portalcatolico.net\/portal\/wp-json\/wp\/v2\/tags?post=59177"}],"curies":[{"name":"wp","href":"https:\/\/api.w.org\/{rel}","templated":true}]}}