{"id":59095,"date":"2018-09-29T09:40:57","date_gmt":"2018-09-29T12:40:57","guid":{"rendered":"http:\/\/portalcatolico.net\/portal\/?p=59095"},"modified":"2018-09-29T09:53:42","modified_gmt":"2018-09-29T12:53:42","slug":"convite-para-a-solenidade-de-posse-do-padre-luiz-henrique-em-uniao-da-vitoria-pr","status":"publish","type":"post","link":"http:\/\/portalcatolico.net\/portal\/convite-para-a-solenidade-de-posse-do-padre-luiz-henrique-em-uniao-da-vitoria-pr\/","title":{"rendered":"Convite para a Solenidade de Posse do Padre Luiz Henrique em Uni\u00e3o da Vitoria (PR)"},"content":{"rendered":"<p><em>A Par\u00f3quia Nossa Senhora do Rocio, na cidade de&nbsp; Uni\u00e3o da Vitoria (PR), tem a honra de convidar todas as fam\u00edlias cat\u00f3licas para participar da Celebra\u00e7\u00e3o Eucar\u00edstica na qual se dar\u00e1 a cerim\u00f4nia de posse can\u00f4nica e acolhimento ao&nbsp; seu novo p\u00e1roco padre o &nbsp;Frei &nbsp;Luiz Henrique, MsS, neste&nbsp; dia 29 de setembro&nbsp; de 2018, \u00e0s 19h, na Igreja Matriz de Nossa Senhora do Rocio ,Diocese de Uni\u00e3o da Vitoria-Paran\u00e1.<\/em><\/p>\n<p><em>Contamos com a presen\u00e7a de todos!<\/em><\/p>\n","protected":false},"excerpt":{"rendered":"<p>A Par\u00f3quia Nossa Senhora do Rocio, na cidade de&nbsp; Uni\u00e3o da Vitoria (PR), tem a honra de convidar todas as fam\u00edlias cat\u00f3licas para participar da Celebra\u00e7\u00e3o Eucar\u00edstica na qual se dar\u00e1 a cerim\u00f4nia de posse can\u00f4nica e acolhimento ao&nbsp; seu novo p\u00e1roco padre o &nbsp;Frei &nbsp;Luiz Henrique, MsS, neste&nbsp; dia 29 de setembro&nbsp; de 2018,&nbsp;<\/p>\n<p><a class=\"btn btn-style\" href=\"http:\/\/portalcatolico.net\/portal\/convite-para-a-solenidade-de-posse-do-padre-luiz-henrique-em-uniao-da-vitoria-pr\/\">Continue Reading<\/a><\/p>\n","protected":false},"author":2,"featured_media":59096,"comment_status":"open","ping_status":"open","sticky":false,"template":"","format":"standard","meta":{"footnotes":""},"categories":[3],"tags":[],"class_list":["post-59095","post","type-post","status-publish","format-standard","has-post-thumbnail","hentry","category-noticias_regionais"],"_links":{"self":[{"href":"http:\/\/portalcatolico.net\/portal\/wp-json\/wp\/v2\/posts\/59095","targetHints":{"allow":["GET"]}}],"collection":[{"href":"http:\/\/portalcatolico.net\/portal\/wp-json\/wp\/v2\/posts"}],"about":[{"href":"http:\/\/portalcatolico.net\/portal\/wp-json\/wp\/v2\/types\/post"}],"author":[{"embeddable":true,"href":"http:\/\/portalcatolico.net\/portal\/wp-json\/wp\/v2\/users\/2"}],"replies":[{"embeddable":true,"href":"http:\/\/portalcatolico.net\/portal\/wp-json\/wp\/v2\/comments?post=59095"}],"version-history":[{"count":8,"href":"http:\/\/portalcatolico.net\/portal\/wp-json\/wp\/v2\/posts\/59095\/revisions"}],"predecessor-version":[{"id":59104,"href":"http:\/\/portalcatolico.net\/portal\/wp-json\/wp\/v2\/posts\/59095\/revisions\/59104"}],"wp:featuredmedia":[{"embeddable":true,"href":"http:\/\/portalcatolico.net\/portal\/wp-json\/wp\/v2\/media\/59096"}],"wp:attachment":[{"href":"http:\/\/portalcatolico.net\/portal\/wp-json\/wp\/v2\/media?parent=59095"}],"wp:term":[{"taxonomy":"category","embeddable":true,"href":"http:\/\/portalcatolico.net\/portal\/wp-json\/wp\/v2\/categories?post=59095"},{"taxonomy":"post_tag","embeddable":true,"href":"http:\/\/portalcatolico.net\/portal\/wp-json\/wp\/v2\/tags?post=59095"}],"curies":[{"name":"wp","href":"https:\/\/api.w.org\/{rel}","templated":true}]}}